{"id":659,"date":"2012-03-23T17:48:18","date_gmt":"2012-03-23T15:48:18","guid":{"rendered":"http:\/\/www.lehrcare.de\/blog\/?p=659"},"modified":"2012-03-23T17:48:18","modified_gmt":"2012-03-23T15:48:18","slug":"modellprogamm-mehr-manner-in-kitas-zum-quereinstieg-in-den-beruf-des-erziehers","status":"publish","type":"post","link":"https:\/\/www.lehrcare.de\/en\/modellprogamm-mehr-manner-in-kitas-zum-quereinstieg-in-den-beruf-des-erziehers\/","title":{"rendered":"Modellprogamm &#8222;MEHR M\u00e4nner in Kitas&#8220; &#8211; Zum Quereinstieg in den Beruf des Erziehers"},"content":{"rendered":"<p>Mit der Initiierung des <a href=\"http:\/\/www.esf-regiestelle.eu\/mehr_maenner_in_kitas\/index_ger.html\">ESF-Modellprogramms ,MEHR M\u00e4nner in Kitas\u2019<\/a> will das Bundesministerium f\u00fcr Familie, Senioren, Frauen und Jugend in  den n\u00e4chsten drei Jahren die Entwicklung und Implementierung von  Strategien zur Steigerung des Anteils m\u00e4nnlicher Fachkr\u00e4fte in  Kindertagesst\u00e4tten voranbringen. Ziel ist es, das Interesse von Jungen und M\u00e4nnern am Beruf des Erziehers  zu wecken, M\u00e4nner bei der Entscheidung zu unterst\u00fctzen, den  Erzieherberuf zu w\u00e4hlen und die Perspektiven f\u00fcr M\u00e4nner (und Frauen) im  Arbeitsfeld Kindertageseinrichtungen zu verbessern.<\/p>\n<p>Die Einrichtung des Modellprogramms ist Folge der Ergebnisse der Studie vom Bundesministerium f\u00fcr Familie, Senioren, Frauen  und Jugend gef\u00f6rderte <a href=\"http:\/\/www.bmfsfj.de\/BMFSFJ\/Service\/Publikationen\/publikationen,did=150286.html\">Studie &#8222;M\u00e4nnliche Fachkr\u00e4fte in  Kindertagesst\u00e4tten&#8220;<\/a>. Diese\u00a0 stellt fest, dass M\u00e4nnern die T\u00fcren der  Kindertageseinrichtungen weit offen stehen. Trotzdem, so die Untersuchung, liegt der M\u00e4nneranteil an den p\u00e4dagogischen Fachkr\u00e4ften in Kitas bei gerade einmal 2,4\u00a0Prozent.<\/p>\n<p><strong>Die Koordinierungsstelle &#8222;M\u00e4nner in Kitas&#8220;<\/strong><\/p>\n<p>Betreut wird das Programm von der <a href=\"http:\/\/www.koordination-maennerinkitas.de\/\">Koordinierungsstelle &#8222;M\u00e4nner in Kitas&#8220;<\/a>. Seit 2010 arbeitet diese mit verschiedenen Partnern  zusammen und wird in ihrem Vorhaben von vielen Erzieher\/innen,  Eltern, Tr\u00e4ger-Verantwortlichen, Kita-<a href=\"http:\/\/www.koordination-maennerinkitas.de\/a-z\/?tx_a21glossary%5Buid%5D=19&amp;tx_a21glossary%5Bback%5D=148&amp;cHash=6fac1818a8cc2563d42d338f4ecbdcf5\"><abbr title=\"Kindertagesst\u00e4tte\"><\/abbr><\/a>Leitungen,  Politiker\/innen und Wissenschaftler\/ innen unterst\u00fctzt. Die  Koordinationsstelle ist an die Katholische Hochschule f\u00fcr Sozialwesen  angegliedert und wird vom Bundesministerium f\u00fcr Familie, Senioren,  Frauen und Jugend gef\u00f6rdert. Die <a href=\"http:\/\/www.koordination-maennerinkitas.de\/uploads\/media\/Flyer_Koordinationsstelle.pdf\">Aufgaben der Koordinierungsstelle<\/a> sind sehr vielf\u00e4ltig: Hauptaufgabe ist die Information \u00fcber Wege in den Beruf und \u00fcber die Situation in der Praxis. Dazu stellt die Koordinierungsstelle die Ergebnisse der Studie vor, pr\u00e4sentieren den nationalen und internationalen Forschungsstand und informieren \u00fcber \u201ebest practice\u201c- Beispiele und aktuelle Entwicklungen aus den Regionen. Die Koordinierungsstelle ber\u00e4t politisch Verantwortliche, Tr\u00e4ger-Verantwortliche und Netzwerke strategisch, um gemeinsam mit ihnen langfristige Vorgehensweisen zu entwickeln, mit denen mehr m\u00e4nnliche Fachkr\u00e4fte f\u00fcr eine Arbeit in Kindertageseinrichtungen gewonnen werden k\u00f6nnen. Mit Tagungen, Konferenzen und\u00a0Experten- und Expertinnenrunden informiert sie \u00fcber aktuelle Entwicklungen und stellt praktische Ans\u00e4tze vor. Au\u00dferdem unterst\u00fctzt sie dabei bestehende und initiieren neue Netzwerke, um nachhaltige Strukturen f\u00fcr den fachlichen Austausch zu schaffen.<\/p>\n<p><strong>Der Quereinstieg in den Erzieherberuf<\/strong><\/p>\n<p>Ein wichtiges Ausgabengebiet der Koordinierungsstelle ist die Information und Beratung \u00fcber den <a href=\"http:\/\/www.koordination-maennerinkitas.de\/index.php?id=441\">Quereinstieg in den Erzieherberuf<\/a>. Auf den informativen und aktuellen Seiten der Koordinierungsstelle finden sich Informationen \u00fcber die M\u00f6glichkeiten f\u00fcr arbeitslose und wechselinteressierte M\u00e4nner f\u00fcr die jeweiligen Bundesl\u00e4nder. Die Vorgaben zu den Aufnahmevoraussetzungen und der Dauer der Ausbildung  zum Erzieher sind laut Auskunft der Koordinierungsstelle in den Bundesl\u00e4ndern sehr unterschiedlich. Es gibt, je  nach Bundesland, unterschiedliche Wege, die jeweils den landesrechtlichen  Bedingungen gerecht werden. In einigen Bundesl\u00e4ndern ist der  Quereinstieg zurzeit noch nicht m\u00f6glich. Ob und wie in Ihrem Bundesland ein Quereinstieg m\u00f6glich ist, erfahren Sie ebenfalls \u00fcber die <a href=\"http:\/\/www.koordination-maennerinkitas.de\/index.php?id=441\">Infoseite zum Quereinstieg<\/a>. Sie finden dort eine Deutschlandkarte, auf der Sie das gew\u00fcnschte Bundesland ausw\u00e4hlen k\u00f6nnen und dann weitere Informationen zu den Themen Umschulung, berufsbegleitende Ausbildung\/Studium, Externenpr\u00fcfung, Finanzierung, Aufnahmevoraussetzungen, Ausbildungsst\u00e4tten und Ansprechpartner\/innen im jeweiligen Bundesland erhalten. Wenn Sie berufserfahren<strong> <\/strong>sind und Erzieher werden m\u00f6chten, k\u00f6nnen Sie sich in diesen <a href=\"http:\/\/www.koordination-maennerinkitas.de\/index.php?id=525\">Verteiler f\u00fcr Quereinstiegs-Interessierte<\/a> eintragen. Ihre Daten werden an das <abbr title=\"Bundesministerium f\u00fcr Familie, Senioren, Frauen und Jugend\">BMFSFJ<\/abbr> weitergeleitet und ausschlie\u00dflich daf\u00fcr genutzt, Sie \u00fcber besondere allgemeine oder regionale Neuigkeiten zu informieren.<\/p>\n<p>Interessierte k\u00f6nnen sich au\u00dferdem beim <a href=\"http:\/\/www.bmfsfj.de\/mag\/root-juli-20.html\">Newsletter-Magazin &#8222;ImFokus: Mehr M\u00e4nner in Kitas&#8220;<\/a> anmelden um im Hinblick auf das Programm auf dem Laufenden zu bleiben.<\/p>","protected":false},"excerpt":{"rendered":"<p>Mit der Initiierung des ESF-Modellprogramms ,MEHR M\u00e4nner in Kitas\u2019 will das Bundesministerium f\u00fcr Familie, Senioren, Frauen und Jugend in den n\u00e4chsten drei Jahren die Entwicklung und Implementierung von Strategien zur Steigerung des Anteils m\u00e4nnlicher Fachkr\u00e4fte in Kindertagesst\u00e4tten voranbringen. Ziel ist es, das Interesse von Jungen und M\u00e4nnern am Beruf des Erziehers zu wecken, M\u00e4nner bei [&hellip;]<\/p>","protected":false},"author":8,"featured_media":0,"comment_status":"open","ping_status":"open","sticky":false,"template":"","format":"standard","meta":{"footnotes":""},"categories":[176,180,124,122],"tags":[],"class_list":["post-659","post","type-post","status-publish","format-standard","hentry","category-infoseiten","category-links-tipps","category-erzieherinnen","category-seiteneinstieg-ins-lehramt"],"aioseo_notices":[],"publishpress_future_action":{"enabled":false,"date":"2026-05-04 17:26:59","action":"change-status","newStatus":"draft","terms":[],"taxonomy":"category","extraData":[]},"publishpress_future_workflow_manual_trigger":{"enabledWorkflows":[]},"_links":{"self":[{"href":"https:\/\/www.lehrcare.de\/en\/wp-json\/wp\/v2\/posts\/659","targetHints":{"allow":["GET"]}}],"collection":[{"href":"https:\/\/www.lehrcare.de\/en\/wp-json\/wp\/v2\/posts"}],"about":[{"href":"https:\/\/www.lehrcare.de\/en\/wp-json\/wp\/v2\/types\/post"}],"author":[{"embeddable":true,"href":"https:\/\/www.lehrcare.de\/en\/wp-json\/wp\/v2\/users\/8"}],"replies":[{"embeddable":true,"href":"https:\/\/www.lehrcare.de\/en\/wp-json\/wp\/v2\/comments?post=659"}],"version-history":[{"count":3,"href":"https:\/\/www.lehrcare.de\/en\/wp-json\/wp\/v2\/posts\/659\/revisions"}],"predecessor-version":[{"id":662,"href":"https:\/\/www.lehrcare.de\/en\/wp-json\/wp\/v2\/posts\/659\/revisions\/662"}],"wp:attachment":[{"href":"https:\/\/www.lehrcare.de\/en\/wp-json\/wp\/v2\/media?parent=659"}],"wp:term":[{"taxonomy":"category","embeddable":true,"href":"https:\/\/www.lehrcare.de\/en\/wp-json\/wp\/v2\/categories?post=659"},{"taxonomy":"post_tag","embeddable":true,"href":"https:\/\/www.lehrcare.de\/en\/wp-json\/wp\/v2\/tags?post=659"}],"curies":[{"name":"wp","href":"https:\/\/api.w.org\/{rel}","templated":true}]}}