{"id":632,"date":"2012-02-17T11:36:10","date_gmt":"2012-02-17T09:36:10","guid":{"rendered":"http:\/\/www.lehrcare.de\/blog\/?p=632"},"modified":"2012-02-17T11:37:09","modified_gmt":"2012-02-17T09:37:09","slug":"pressemitteilung-%e2%80%9earbeit-an-privatschulen%e2%80%9c-%e2%80%93-vortrag-beratung-und-unterlagencheck-auf-der-didacta-2012-in-hannover-%e2%80%93-halle-14-stand-h04-2","status":"publish","type":"post","link":"https:\/\/www.lehrcare.de\/en\/pressemitteilung-%e2%80%9earbeit-an-privatschulen%e2%80%9c-%e2%80%93-vortrag-beratung-und-unterlagencheck-auf-der-didacta-2012-in-hannover-%e2%80%93-halle-14-stand-h04-2\/","title":{"rendered":"Pressemitteilung: \u201eArbeit an Privatschulen\u201c \u2013 Vortrag, Beratung und Unterlagencheck auf der didacta 2012 in Hannover \u2013 Halle 14, Stand H04"},"content":{"rendered":"<p><strong>Vom 14. bis 18. Februar 2012 stellt die LehrCare GmbH in  Hannover auf der didacta, Europas gr\u00f6\u00dfter Bildungsmesse, ihr Angebot  erstmals einem breiten Fachpublikum vor! <\/strong><\/p>\n<p><strong>Vortrag: \u201eArbeit an Privatschulen \u2013 Chancen &amp; Risiken\u201c, Freitag, 17.2., 13.00 \u2013 14.00 Uhr<\/strong><\/p>\n<p>Die  Zahl der \u201eSchulen in Freier Tr\u00e4gerschaft\u201c, w\u00e4chst seit der   Wiedervereinigung unaufh\u00f6rlich. Gleichzeitig steigen dort die   Sch\u00fclerzahlen, w\u00e4hrend sie an \u00f6ffentlichen Schulen aufgrund des   demographischen Wandels sinken. Und dann werden in Deutschland auch noch   die p\u00e4dagogischen Fachkr\u00e4fte knapp.<\/p>\n<p>Warum also sollten  Lehrer\/innen auf ihre Verbeamtung auf Lebenszeit  verzichten, um sich  f\u00fcr eine Arbeit bei einem Freien Bildungstr\u00e4ger  entscheiden? K\u00f6nnen  auch Erzieher\/innen und Sozialp\u00e4dagogen\/innen dort  arbeiten? Und welche  Vorteile bzw. \u00a0Nachteile erwarten Kollegen\/innen an  privaten Schulen  wirklich?<\/p>\n<p>Diese und andere Fragen beantwortet Dr. J\u00f6rg K\u00f6bke,  ehemaliger Lehrer  und selbst\u00e4ndiger Unternehmer, interessierten  Kollegen\/innen am  heutigen Mittwoch zw. 13.00 und 14.00 Uhr am  LehrCare-Stand in Halle 14,  Stand H04.<\/p>\n<p><strong>Unterlagencheck f\u00fcr Bewerber\/innen, t\u00e4glich von 15.00 \u2013 16.00 Uhr<\/strong><\/p>\n<p>Selbst  an \u00f6ffentlichen Schulen in einigen Bundesl\u00e4ndern k\u00f6nnen sich   Lehrer\/innen mittlerweile direkt bei Schulen bewerben. Bei den   sogenannten Schulen in Freier Tr\u00e4gerschaft, immerhin bald 5.500, bei   privaten Kitas und Schulbuchverlagen bleibt interessierten   Bewerber\/innen gar nichts anderes \u00fcbrig, als zun\u00e4chst mit einer guten   Bewerbung Eindruck zu schinden.<\/p>\n<p>Doch wie bewirbt man sich  richtig? Wie sollten die Unterlagen  aussehen, damit man gute Chancen  hat? Worauf ist im Bewerbungsgespr\u00e4ch  zu achten? Wie verhandle ich mein  Gehalt?<\/p>\n<p>Die Mitarbeiter\/inne der ersten und bundesweit einzigen   Personalberatung f\u00fcr schulische Fach- und F\u00fchrungskr\u00e4fte bieten   interessierten Besucher\/innen der didacta t\u00e4glich zwischen 15.00 und   16.00 Uhr kostenfreie Beratungen dazu an, wie man sich am besten bei   seinem k\u00fcnftigen Arbeitgeber pr\u00e4sentiert.<\/p>\n<p><strong>Wer ist LehrCare? <\/strong><\/p>\n<p>LehrCare ist eine unabh\u00e4ngig arbeitende Personalagentur, die auf die  Beratung und Vermittlung p\u00e4dagogischer Fach- und F\u00fchrungskr\u00e4fte  spezialisiert ist. F\u00fcr Schulen, schulnahe Einrichtungen und deren Tr\u00e4ger  sucht LehrCare nach ausgebildeten Lehrer\/-innen, Vertretungen und  p\u00e4dagogischem Betreuungspersonal.<br \/>\nDas Leistungsportfolio von LehrCare umfasst die individuelle Beratung  von Bildungstr\u00e4gern und Stellensuchenden, die ma\u00dfgeschneiderte Suche und  Ansprache qualifizierter Fachkr\u00e4fte, die kriterienorientierte Sichtung  und Auswertung eingehender Bewerbungsunterlagen, die Erstellung  ausf\u00fchrlicher Bewerberdossiers, pers\u00f6nliche Vorgespr\u00e4che sowie die  professionelle Begleitung beider Seiten w\u00e4hrend der Einarbeitungszeit.<\/p>","protected":false},"excerpt":{"rendered":"<p>Vom 14. bis 18. Februar 2012 stellt die LehrCare GmbH in Hannover auf der didacta, Europas gr\u00f6\u00dfter Bildungsmesse, ihr Angebot erstmals einem breiten Fachpublikum vor! Vortrag: \u201eArbeit an Privatschulen \u2013 Chancen &amp; Risiken\u201c, Freitag, 17.2., 13.00 \u2013 14.00 Uhr Die Zahl der \u201eSchulen in Freier Tr\u00e4gerschaft\u201c, w\u00e4chst seit der Wiedervereinigung unaufh\u00f6rlich. Gleichzeitig steigen dort die [&hellip;]<\/p>","protected":false},"author":8,"featured_media":0,"comment_status":"open","ping_status":"open","sticky":false,"template":"","format":"standard","meta":{"footnotes":""},"categories":[123],"tags":[28,185],"class_list":["post-632","post","type-post","status-publish","format-standard","hentry","category-lc-news","tag-lehrcare","tag-didacta-2012"],"aioseo_notices":[],"publishpress_future_action":{"enabled":false,"date":"2026-05-06 08:37:26","action":"change-status","newStatus":"draft","terms":[],"taxonomy":"category","extraData":[]},"publishpress_future_workflow_manual_trigger":{"enabledWorkflows":[]},"_links":{"self":[{"href":"https:\/\/www.lehrcare.de\/en\/wp-json\/wp\/v2\/posts\/632","targetHints":{"allow":["GET"]}}],"collection":[{"href":"https:\/\/www.lehrcare.de\/en\/wp-json\/wp\/v2\/posts"}],"about":[{"href":"https:\/\/www.lehrcare.de\/en\/wp-json\/wp\/v2\/types\/post"}],"author":[{"embeddable":true,"href":"https:\/\/www.lehrcare.de\/en\/wp-json\/wp\/v2\/users\/8"}],"replies":[{"embeddable":true,"href":"https:\/\/www.lehrcare.de\/en\/wp-json\/wp\/v2\/comments?post=632"}],"version-history":[{"count":3,"href":"https:\/\/www.lehrcare.de\/en\/wp-json\/wp\/v2\/posts\/632\/revisions"}],"predecessor-version":[{"id":635,"href":"https:\/\/www.lehrcare.de\/en\/wp-json\/wp\/v2\/posts\/632\/revisions\/635"}],"wp:attachment":[{"href":"https:\/\/www.lehrcare.de\/en\/wp-json\/wp\/v2\/media?parent=632"}],"wp:term":[{"taxonomy":"category","embeddable":true,"href":"https:\/\/www.lehrcare.de\/en\/wp-json\/wp\/v2\/categories?post=632"},{"taxonomy":"post_tag","embeddable":true,"href":"https:\/\/www.lehrcare.de\/en\/wp-json\/wp\/v2\/tags?post=632"}],"curies":[{"name":"wp","href":"https:\/\/api.w.org\/{rel}","templated":true}]}}