{"id":492,"date":"2011-09-27T16:36:31","date_gmt":"2011-09-27T14:36:31","guid":{"rendered":"http:\/\/www.lehrcare.de\/blog\/?p=492"},"modified":"2011-11-17T19:21:46","modified_gmt":"2011-11-17T17:21:46","slug":"angebote-fur-lehrende-der-un-dekade-bildung-fur-nachhaltige-entwicklung","status":"publish","type":"post","link":"https:\/\/www.lehrcare.de\/en\/angebote-fur-lehrende-der-un-dekade-bildung-fur-nachhaltige-entwicklung\/","title":{"rendered":"Angebote f\u00fcr Lehrende der UN-Dekade &#8222;Bildung f\u00fcr nachhaltige Entwicklung&#8220;"},"content":{"rendered":"<p>&#8222;Bildung f\u00fcr nachhaltige Entwicklung&#8220; ist ein Bildungskonzept, das Kindern  und Erwachsenen nachhaltiges Denken und Handeln vermitteln soll. Mit dieser UN-Dekade (2005-2014) haben sich die  Staaten der Vereinten Nationen verpflichtet, ein Konzept zu  st\u00e4rken, das Kindern und Erwachsenen zeigt, dass unser heutiges Handeln einen Einfluss auf das Leben  unserer Kinder und auf das Leben von Menschen in anderen Weltregionen hat. Die internationale Bildungsoffensive setzt nachhaltige Entwicklung  ganz oben auf die bildungspolitische Agenda. Laut UN soll Nachhaltigkeit als globales  Leitbild in Klassenzimmern, Kinderg\u00e4rten, H\u00f6rs\u00e4len und\u00a0in der  \u00d6ffentlichkeit ankommen. In Deutschland und vielen anderen L\u00e4ndern engagieren  sich deshalb Regierungen, Bildungseinrichtungen, NGOs,  Unternehmen und Einzelpersonen. F\u00fcr Deutschland wird die UN-Dekade von der Deutschen <abbr title=\"United Nations Educational, Scientific and Cultural Organization\">UNESCO<\/abbr>-Kommission mit Mitteln des  Bundesministeriums f\u00fcr Bildung und Forschung koordiniert.<\/p>\n<p>Rund um das Programm ist eine <a href=\"http:\/\/www.bne-portal.de\/coremedia\/generator\/unesco\/de\/01__Startseite\/Startseite.html\">Internetplattform<\/a> erstellt worden, die allen Interessierten Zugang zum Programm und den vielf\u00e4ltigen Materialien und Veranstaltungen bietet. F\u00fcr Lehrende gibt es eine <a href=\"http:\/\/www.bne-portal.de\/coremedia\/generator\/unesco\/de\/08__Zielgruppeneinstiege\/02__Lehrende\/Lehrende.html\">spezielle Internetseite<\/a>. Hier finden sich Hinweise auf Fortbildungs-  und Informationsveranstaltungen, Lehrmaterialien f\u00fcr\u00a0Unterricht oder  au\u00dferschulische Angebote, Praxisbeispiele f\u00fcr die gelungene Umsetzung  von\u00a0Bildung f\u00fcr nachhaltige Entwicklung\u00a0und vieles mehr.<\/p>\n<p>F\u00fcr Lehrer\/innen, die wissen wollen, wie man die Ideen der Bildung f\u00fcr nachhaltige Entwicklung im  Unterricht umsetzen kann, welche Materialien und Konzepte es f\u00fcr Grund- und  weiterf\u00fchrende Schulen gibt und wie sich Nachhaltigkeit ins Schulprogramm  integrieren l\u00e4sst, ist das bundesweite  Programm <a href=\"http:\/\/www.transfer-21.de\/index.php?p=40\">Transfer21<\/a> ins Leben gerufen worden. Das Programm wurde bereits 2008 beendet, die Plattform bietet allerdings nach wie vor umfassende M\u00f6glichkeiten der Information f\u00fcr Lehrerinnen und Lehrer, die an dem Konzept interessiert sind. Wer sich als Teil dieser Bildungsoffensive versteht und nachhaltiges Denken und Handeln in Schulen\u00a0und andere Bildungseinrichtungen tragen m\u00f6chte, kann sich dort sehr gute Anregungen und Ideen holen.<\/p>\n<p>Auf einer weiteren Seite finden sich eine F\u00fclle von <a href=\"http:\/\/www.bne-portal.de\/coremedia\/generator\/unesco\/de\/04__Aktuelles\/14__Wettbewerbe__und__Preise\/Wettbewerbe.html\">Wettbewerben und Preisen<\/a> rund um die UN-Dekade. Vielleicht ist dort etwas f\u00fcr Sie und Ihre Sch\u00fclerinnen und Sch\u00fcler dabei?<\/p>","protected":false},"excerpt":{"rendered":"<p>&#8222;Bildung f\u00fcr nachhaltige Entwicklung&#8220; ist ein Bildungskonzept, das Kindern und Erwachsenen nachhaltiges Denken und Handeln vermitteln soll. Mit dieser UN-Dekade (2005-2014) haben sich die Staaten der Vereinten Nationen verpflichtet, ein Konzept zu st\u00e4rken, das Kindern und Erwachsenen zeigt, dass unser heutiges Handeln einen Einfluss auf das Leben unserer Kinder und auf das Leben von Menschen [&hellip;]<\/p>","protected":false},"author":8,"featured_media":0,"comment_status":"open","ping_status":"open","sticky":false,"template":"","format":"standard","meta":{"footnotes":""},"categories":[177],"tags":[],"class_list":["post-492","post","type-post","status-publish","format-standard","hentry","category-materialsammlungen-fur-lehrerinnen"],"aioseo_notices":[],"publishpress_future_action":{"enabled":false,"date":"2026-05-06 08:37:11","action":"change-status","newStatus":"draft","terms":[],"taxonomy":"category","extraData":[]},"publishpress_future_workflow_manual_trigger":{"enabledWorkflows":[]},"_links":{"self":[{"href":"https:\/\/www.lehrcare.de\/en\/wp-json\/wp\/v2\/posts\/492","targetHints":{"allow":["GET"]}}],"collection":[{"href":"https:\/\/www.lehrcare.de\/en\/wp-json\/wp\/v2\/posts"}],"about":[{"href":"https:\/\/www.lehrcare.de\/en\/wp-json\/wp\/v2\/types\/post"}],"author":[{"embeddable":true,"href":"https:\/\/www.lehrcare.de\/en\/wp-json\/wp\/v2\/users\/8"}],"replies":[{"embeddable":true,"href":"https:\/\/www.lehrcare.de\/en\/wp-json\/wp\/v2\/comments?post=492"}],"version-history":[{"count":3,"href":"https:\/\/www.lehrcare.de\/en\/wp-json\/wp\/v2\/posts\/492\/revisions"}],"predecessor-version":[{"id":494,"href":"https:\/\/www.lehrcare.de\/en\/wp-json\/wp\/v2\/posts\/492\/revisions\/494"}],"wp:attachment":[{"href":"https:\/\/www.lehrcare.de\/en\/wp-json\/wp\/v2\/media?parent=492"}],"wp:term":[{"taxonomy":"category","embeddable":true,"href":"https:\/\/www.lehrcare.de\/en\/wp-json\/wp\/v2\/categories?post=492"},{"taxonomy":"post_tag","embeddable":true,"href":"https:\/\/www.lehrcare.de\/en\/wp-json\/wp\/v2\/tags?post=492"}],"curies":[{"name":"wp","href":"https:\/\/api.w.org\/{rel}","templated":true}]}}