{"id":465,"date":"2011-08-25T17:48:35","date_gmt":"2011-08-25T15:48:35","guid":{"rendered":"http:\/\/www.lehrcare.de\/blog\/?p=465"},"modified":"2011-11-17T19:23:29","modified_gmt":"2011-11-17T17:23:29","slug":"erzieherinnenmangel-konnte-dramatische-formen-annehmen","status":"publish","type":"post","link":"https:\/\/www.lehrcare.de\/en\/erzieherinnenmangel-konnte-dramatische-formen-annehmen\/","title":{"rendered":"Erzieher\/innenmangel k\u00f6nnte dramatische Formen annehmen"},"content":{"rendered":"<p>Eine neue Studie des Deutschen Jugendinstituts (DJI) zur Kinderbetreuung in Deutschland hat ergeben, dass im Jahr 2013 knapp 25.000 ErzieherInnenstellen unbesetzt sein werden. Dieser zu erwartende Personalmangel gef\u00e4hrdet die vom 1. Juli 2013 geltende, gesetzliche  Krippenplatz-Garantie, die vom 1. Juli 2013 an gilt. Neben Wissenschaftlern teilen die Besorgnis dar\u00fcber vor allem Tr\u00e4ger von Kindertagesst\u00e4tten und Kommunen.<\/p>\n<p>Schaut man auf die Bundesl\u00e4nder im einzelnen, ergibt sich ein starkes Gef\u00e4lle von West nach Ost. Trauriger Spitzenreiter in Bezug auf den Fehlbedarf ist Niedersachsen. Einen \u00dcberschuss an Personal verzeichnen dagegen einige neue Bundesl\u00e4nder. Hier steht Brandenburg mit etwas mehr als 1.200 ErzieherInnen vorne.<\/p>\n<p>Das Bundesministerium f\u00fcr Familie, Senioren, Frauen und Jugend verweist bei der Frage nach Verantwortlichkeiten auf die L\u00e4nder. Diese wiederum sehen die Kommunen in der Pflicht, das Recht auf einen Krippenplatz zu garantieren. Z\u00fcndende Ideen zur Verbesserung der Situation der Fachkr\u00e4fte in Kitas und Horten sind nicht in Sicht. Erh\u00f6hung der Geh\u00e4lter und Steigerung der Anreize f\u00fcr Sozialberufe w\u00e4ren nur erste Ma\u00dfnahmen. Akut k\u00f6nnte die Erleichterung des Zugangs in den ErzieherInnenberuf f\u00fcr Seiteneinsteiger hilfreich sein. Auch das Werben um m\u00e4nnliche Fachkr\u00e4fte stellt eine lohnenswerte Ma\u00dfnahme dar.<\/p>\n<p>Der oftmals den Sparzw\u00e4ngen der L\u00e4nder und Kommunen geschuldete Mangel an p\u00e4dagogischen Fachkr\u00e4ften auf allen Ebenen l\u00e4sst diese miteinander in Konkurrenz treten. G\u00e4be es hier bundeseinheitliche Regelungen und Verteilerschl\u00fcssel, w\u00fcrden sich Ausgaben verringern und sich Qualit\u00e4t von Bildung und Erziehung verbessern.<\/p>\n<p>Mehr dazu finden Sie bei <a href=\"http:\/\/www.faz.net\/artikel\/C30923\/kinderbetreuung-erziehermangel-bremst-ausbau-der-krippenplaetze-30488090.html\">Uta Rasche &#8222;Erziehermangel bremst Ausbau der Krippenpl\u00e4tze&#8220;<\/a> (19.08.2011, FAZ.NET). Einen <a href=\"http:\/\/www.gew-berlin.de\/blz\/22115.htm\">Bericht zum ErzieherInnenmangel in Berlin<\/a> von Christiane Wei\u00dfhoff gibt es auf den Seiten der GEW Berlin. Weitere Studien aus dem Bereich Forschung \u00fcber Kinder, Jugendliche und Familien findet man auf den <a href=\"http:\/\/www.dji.de\/cgi-bin\/projekte\/output.php?projekt=479\">Seiten des DJI<\/a>.<\/p>","protected":false},"excerpt":{"rendered":"<p>Eine neue Studie des Deutschen Jugendinstituts (DJI) zur Kinderbetreuung in Deutschland hat ergeben, dass im Jahr 2013 knapp 25.000 ErzieherInnenstellen unbesetzt sein werden. Dieser zu erwartende Personalmangel gef\u00e4hrdet die vom 1. Juli 2013 geltende, gesetzliche Krippenplatz-Garantie, die vom 1. Juli 2013 an gilt. Neben Wissenschaftlern teilen die Besorgnis dar\u00fcber vor allem Tr\u00e4ger von Kindertagesst\u00e4tten und [&hellip;]<\/p>","protected":false},"author":8,"featured_media":0,"comment_status":"open","ping_status":"open","sticky":false,"template":"","format":"standard","meta":{"footnotes":""},"categories":[123],"tags":[],"class_list":["post-465","post","type-post","status-publish","format-standard","hentry","category-lc-news"],"aioseo_notices":[],"publishpress_future_action":{"enabled":false,"date":"2026-05-04 22:15:02","action":"change-status","newStatus":"draft","terms":[],"taxonomy":"category","extraData":[]},"publishpress_future_workflow_manual_trigger":{"enabledWorkflows":[]},"_links":{"self":[{"href":"https:\/\/www.lehrcare.de\/en\/wp-json\/wp\/v2\/posts\/465","targetHints":{"allow":["GET"]}}],"collection":[{"href":"https:\/\/www.lehrcare.de\/en\/wp-json\/wp\/v2\/posts"}],"about":[{"href":"https:\/\/www.lehrcare.de\/en\/wp-json\/wp\/v2\/types\/post"}],"author":[{"embeddable":true,"href":"https:\/\/www.lehrcare.de\/en\/wp-json\/wp\/v2\/users\/8"}],"replies":[{"embeddable":true,"href":"https:\/\/www.lehrcare.de\/en\/wp-json\/wp\/v2\/comments?post=465"}],"version-history":[{"count":4,"href":"https:\/\/www.lehrcare.de\/en\/wp-json\/wp\/v2\/posts\/465\/revisions"}],"predecessor-version":[{"id":467,"href":"https:\/\/www.lehrcare.de\/en\/wp-json\/wp\/v2\/posts\/465\/revisions\/467"}],"wp:attachment":[{"href":"https:\/\/www.lehrcare.de\/en\/wp-json\/wp\/v2\/media?parent=465"}],"wp:term":[{"taxonomy":"category","embeddable":true,"href":"https:\/\/www.lehrcare.de\/en\/wp-json\/wp\/v2\/categories?post=465"},{"taxonomy":"post_tag","embeddable":true,"href":"https:\/\/www.lehrcare.de\/en\/wp-json\/wp\/v2\/tags?post=465"}],"curies":[{"name":"wp","href":"https:\/\/api.w.org\/{rel}","templated":true}]}}