{"id":446,"date":"2011-07-13T15:07:29","date_gmt":"2011-07-13T13:07:29","guid":{"rendered":"http:\/\/www.lehrcare.de\/blog\/?p=446"},"modified":"2011-11-17T19:51:53","modified_gmt":"2011-11-17T17:51:53","slug":"auch-berlin-will-privatschulen-die-zuschuesse-kuerzen","status":"publish","type":"post","link":"https:\/\/www.lehrcare.de\/en\/auch-berlin-will-privatschulen-die-zuschuesse-kuerzen\/","title":{"rendered":"Auch Berlin will Privatschulen die Zusch\u00fcsse k\u00fcrzen"},"content":{"rendered":"<p>Die K\u00fcrzungswelle im Bildungsbereich erreicht nun auch Berlin. Nach der rot-roten Landesregierung in Brandenburg, die j\u00fcngst beschloss, den Schulen in freier Tr\u00e4gerschaft die Zusch\u00fcsse um 20 Prozent zu k\u00fcrzen, hat sich nun auch der rot-rote Senat in Berlin auf Einsparungen bei den Privatschulen verst\u00e4ndigt. Im Jahr 2012 sollen 7,3 Millionen Euro eingespart werden;\u00a0 im Jahr 2013 gar 10 Millionen und das, obwohl die Zahl der Sch\u00fcler an diesen Schulen in den letzten Jahren kontinuierlich gewachsen ist. Von 2006 bis 2010 stieg sie <strong>um satte 25 Prozent<\/strong>, das hei\u00dft von etwa 20.000 auf etwa 25.000 Sch\u00fcler.<\/p>\n<p>Mieke Senftleben von der Berliner FDP nennt die K\u00fcrzungen demzufolge eine &#8222;<em>Respektlosigkeit<\/em>&#8220; gegen\u00fcber den Schulen in freier Tr\u00e4gerschaft und Yvonne Wende von der privaten Berliner Cosmopolitan-Schule \u00e4u\u00dfert sich emp\u00f6rt, dass die Privatschulen immer noch nicht als Bereicherung und Chance f\u00fcr das deutsche Bildungswesen wahrgenommen werden. Sabine Sch\u00f6nemark wiederum sieht in den Einsparma\u00dfnahmen eine <strong>Versch\u00e4rfung der sozialen Schieflage<\/strong>, denn wenn die Privatschulen ihre Schulgelder infolge der K\u00fcrzungen erh\u00f6hen m\u00fcssten, seien davon vor allem finanzschw\u00e4chere Familien nachteilig betroffen. Will der Berliner Senat <span style=\"text-decoration: underline;\">Privatschulen nur noch f\u00fcr Reiche<\/span>, fragt LehrCare.<\/p>\n<p>Mehr dazu: <a title=\"Einsparungen bei Privatschulen\" href=\"http:\/\/www.morgenpost.de\/berlin\/article1693740\/Berliner-Privatschulen-wird-Foerderung-gekuerzt.html\" target=\"_self\">http:\/\/www.morgenpost.de\/berlin\/article1693740\/Berliner-Privatschulen-wird-Foerderung-gekuerzt.html<\/a><\/p>","protected":false},"excerpt":{"rendered":"<p>Auch Berlin will bei den Privatschulen sparen<\/p>","protected":false},"author":8,"featured_media":0,"comment_status":"open","ping_status":"open","sticky":false,"template":"","format":"standard","meta":{"footnotes":""},"categories":[123],"tags":[39,45,47,50,113],"class_list":["post-446","post","type-post","status-publish","format-standard","hentry","category-lc-news","tag-privatschulen","tag-berlin","tag-schulen-in-freier-tragerschaft","tag-einsparungen","tag-kurzungen"],"aioseo_notices":[],"publishpress_future_action":{"enabled":false,"date":"2026-05-08 11:44:57","action":"change-status","newStatus":"draft","terms":[],"taxonomy":"category","extraData":[]},"publishpress_future_workflow_manual_trigger":{"enabledWorkflows":[]},"_links":{"self":[{"href":"https:\/\/www.lehrcare.de\/en\/wp-json\/wp\/v2\/posts\/446","targetHints":{"allow":["GET"]}}],"collection":[{"href":"https:\/\/www.lehrcare.de\/en\/wp-json\/wp\/v2\/posts"}],"about":[{"href":"https:\/\/www.lehrcare.de\/en\/wp-json\/wp\/v2\/types\/post"}],"author":[{"embeddable":true,"href":"https:\/\/www.lehrcare.de\/en\/wp-json\/wp\/v2\/users\/8"}],"replies":[{"embeddable":true,"href":"https:\/\/www.lehrcare.de\/en\/wp-json\/wp\/v2\/comments?post=446"}],"version-history":[{"count":3,"href":"https:\/\/www.lehrcare.de\/en\/wp-json\/wp\/v2\/posts\/446\/revisions"}],"predecessor-version":[{"id":559,"href":"https:\/\/www.lehrcare.de\/en\/wp-json\/wp\/v2\/posts\/446\/revisions\/559"}],"wp:attachment":[{"href":"https:\/\/www.lehrcare.de\/en\/wp-json\/wp\/v2\/media?parent=446"}],"wp:term":[{"taxonomy":"category","embeddable":true,"href":"https:\/\/www.lehrcare.de\/en\/wp-json\/wp\/v2\/categories?post=446"},{"taxonomy":"post_tag","embeddable":true,"href":"https:\/\/www.lehrcare.de\/en\/wp-json\/wp\/v2\/tags?post=446"}],"curies":[{"name":"wp","href":"https:\/\/api.w.org\/{rel}","templated":true}]}}