{"id":413,"date":"2011-05-06T10:59:09","date_gmt":"2011-05-06T08:59:09","guid":{"rendered":"http:\/\/www.lehrcare.de\/blog\/?p=413"},"modified":"2011-11-17T19:34:23","modified_gmt":"2011-11-17T17:34:23","slug":"erstes-islamisches-gymnasium-europas","status":"publish","type":"post","link":"https:\/\/www.lehrcare.de\/en\/erstes-islamisches-gymnasium-europas\/","title":{"rendered":"Erstes islamisches Gymnasium Europas"},"content":{"rendered":"<p><strong>Das erste islamische Gymnasium Europas <\/strong>wurde 1999 von Kenan Erg\u00fcn in Wien gegr\u00fcndet. Das war m\u00f6glich, weil der Islam in \u00d6sterreich seit \u00fcber 30 Jahren wie das Christen- und Judentum einen <span style=\"text-decoration: underline;\">\u00f6ffentlichen Status<\/span> besitzt. Die derzeit etwa 270 muslimischen Sch\u00fcler werden von mehrheitlich christlichen Lehrern unterrichtet. Die Sch\u00fcler haben zumeist t\u00fcrkische Wurzeln oder stammen selbst bzw. ihre Eltern aus dem arabischen Raum und aus anderen &#8222;islamischen Staaten&#8220;. Die Eltern sind vorrangig Arbeiter, zur H\u00e4lfte jedoch arbeitslos.<\/p>\n<p>An dem islamischen Gymnasium in Wien gibt es einen im Grunde normalen Stundenplan wie an anderen Schulen \u00d6sterreichs auch. Hinzu kommen zwei Stunden islamischer Religionsunterricht. Was das Gymnasium von anderen unterscheidet, sind die <strong>islamischen Traditionen<\/strong>, die hier gelebt und geachtet werden. So werden alle Gebets- und Speisevorschriften des Islams eingehalten; an religi\u00f6sen Feiertagen ist schulfrei und auch die obligatorischen f\u00fcnf Gebete pro Tag werden abgeleistet.<\/p>\n<p>Dennoch will das Privatymnasium seine Sch\u00fcler auf das Leben in einer christlich gepr\u00e4gten (Um-)Welt vorbereiten und einen Schutzraum f\u00fcr das Ausleben der eigenen Identit\u00e4t bieten.<\/p>\n<p>Mehr dazu: <a title=\"Islamisches Gymnasium in Wien\" href=\"http:\/\/www.zeit.de\/gesellschaft\/zeitgeschehen\/2011-05\/islam-privatschule-wien\" target=\"_blank\">http:\/\/www.zeit.de\/gesellschaft\/zeitgeschehen\/2011-05\/islam-privatschule-wien<\/a><\/p>","protected":false},"excerpt":{"rendered":"<p>Islamisches Gymnasium in Wien<\/p>","protected":false},"author":8,"featured_media":0,"comment_status":"open","ping_status":"open","sticky":false,"template":"","format":"standard","meta":{"footnotes":""},"categories":[146],"tags":[36,39,102,103,104],"class_list":["post-413","post","type-post","status-publish","format-standard","hentry","category-osterreich-privatschulen-in-freier-tragerschaft","tag-osterreich","tag-privatschulen","tag-islam","tag-islamisches-gymnasium","tag-wien"],"aioseo_notices":[],"publishpress_future_action":{"enabled":false,"date":"2026-05-06 10:31:00","action":"change-status","newStatus":"draft","terms":[],"taxonomy":"category","extraData":[]},"publishpress_future_workflow_manual_trigger":{"enabledWorkflows":[]},"_links":{"self":[{"href":"https:\/\/www.lehrcare.de\/en\/wp-json\/wp\/v2\/posts\/413","targetHints":{"allow":["GET"]}}],"collection":[{"href":"https:\/\/www.lehrcare.de\/en\/wp-json\/wp\/v2\/posts"}],"about":[{"href":"https:\/\/www.lehrcare.de\/en\/wp-json\/wp\/v2\/types\/post"}],"author":[{"embeddable":true,"href":"https:\/\/www.lehrcare.de\/en\/wp-json\/wp\/v2\/users\/8"}],"replies":[{"embeddable":true,"href":"https:\/\/www.lehrcare.de\/en\/wp-json\/wp\/v2\/comments?post=413"}],"version-history":[{"count":2,"href":"https:\/\/www.lehrcare.de\/en\/wp-json\/wp\/v2\/posts\/413\/revisions"}],"predecessor-version":[{"id":543,"href":"https:\/\/www.lehrcare.de\/en\/wp-json\/wp\/v2\/posts\/413\/revisions\/543"}],"wp:attachment":[{"href":"https:\/\/www.lehrcare.de\/en\/wp-json\/wp\/v2\/media?parent=413"}],"wp:term":[{"taxonomy":"category","embeddable":true,"href":"https:\/\/www.lehrcare.de\/en\/wp-json\/wp\/v2\/categories?post=413"},{"taxonomy":"post_tag","embeddable":true,"href":"https:\/\/www.lehrcare.de\/en\/wp-json\/wp\/v2\/tags?post=413"}],"curies":[{"name":"wp","href":"https:\/\/api.w.org\/{rel}","templated":true}]}}