{"id":400,"date":"2011-04-21T14:58:21","date_gmt":"2011-04-21T12:58:21","guid":{"rendered":"http:\/\/www.lehrcare.de\/blog\/?p=400"},"modified":"2011-11-17T19:59:55","modified_gmt":"2011-11-17T17:59:55","slug":"laesst-brandenburg-die-privatschulen-haengen","status":"publish","type":"post","link":"https:\/\/www.lehrcare.de\/en\/laesst-brandenburg-die-privatschulen-haengen\/","title":{"rendered":"L\u00e4sst Brandenburg die Privatschulen h\u00e4ngen?"},"content":{"rendered":"<p>Die rot-rote Landesregierung in Brandenburg meinte es sicher gut, als sie mehr und besser bezahlte Erzieher und Lehrer versprach. Die Kassen sind jedoch auch in Brandenburg leer. Nun sind Einsparungen im Bereich der Privatschulen geplant. Nicht zum ersten Mal. Von Einschnitten bis zu 20 Prozent ist die Rede. Das bedeutet f\u00fcr so manche Schule oder Kindertagesst\u00e4tte in freier Tr\u00e4gerschaft, aber auch f\u00fcr allerhand Gr\u00fcndungsinitiativen das (vorzeitige) Ende. Hennig Schluss, Leiter des evangelischen Schulvereins Oranienburg, meinte angesichts dieser Dramatik sogar, Brandenburg werde in der Bildungspolitik zu einer Art &#8222;<em>kleinen DDR<\/em>&#8222;. Das Bildungsministerium des Landes ist allerdings SPD-gef\u00fchrt.<\/p>\n<p>Sorgen macht der Arbeitsgemeinschaft &#8222;Freie Schulen&#8220; vor allem der l\u00e4ndliche Bereich. Aufgrund der oft finanzschwachen Bev\u00f6lkerungsstruktur &#8211; wenn man mal vom sogenannten &#8222;Speckg\u00fcrtel&#8220; um Berlin absieht &#8211; stehen privaten Initiativen gerade hier oftmals keine gro\u00dfen Gelder zur Verf\u00fcgung. Eine vielf\u00e4ltige Bildungslandschaft auch in abgelegeneren Regionen kann bei Umsetzung der Pl\u00e4ne wohl kaum noch gew\u00e4hrleistet werden. Zwar k\u00f6nnten Elternbeitr\u00e4ge erh\u00f6ht und die Personaldecke ausged\u00fcnnt werden, aber eigentlich wirke gerade das kontraproduktiv und trage zum Niedergang des Privatschulwesens in Brandenburg bei. Ein breites B\u00fcndnis aus parit\u00e4tischem Wohlfahrtsverband, der Arbeitsgemeinschaft &#8222;Freie Schulen&#8220; u.a. startet deshalb im Mai nach Berliner Vorbild eine Volksinitiative &#8222;Schule in Freiheit&#8220;. LehrCare unterst\u00fctzt diese Aktion und weist hiermit gerne darauf hin.<\/p>\n<p>(nach: &#8222;Privatschulen in Not. Land Brandenburg spart bei der Finanzierung und steht in der Kritik&#8220; &#8211; In: Der Tagesspiegel, 16.04.2011, Nr. 20 949, S. 13)<\/p>\n<p><a title=\"Schule in Freiheit\" href=\"http:\/\/www.facebook.com\/SchuleInFreiheit\" target=\"_blank\">http:\/\/www.facebook.com\/SchuleInFreiheit<\/a><\/p>\n<p><a title=\"Schule in Freiheit\" href=\"http:\/\/www.schule-in-freiheit.de\/\" target=\"_blank\">http:\/\/www.schule-in-freiheit.de<\/a><\/p>","protected":false},"excerpt":{"rendered":"<p>Brandenburg will bei Finanzierung der Privatschulen erneut sparen<\/p>","protected":false},"author":8,"featured_media":0,"comment_status":"open","ping_status":"open","sticky":false,"template":"","format":"standard","meta":{"footnotes":""},"categories":[123],"tags":[33,39,47,59],"class_list":["post-400","post","type-post","status-publish","format-standard","hentry","category-lc-news","tag-bildungspolitik","tag-privatschulen","tag-schulen-in-freier-tragerschaft","tag-brandenburg"],"aioseo_notices":[],"publishpress_future_action":{"enabled":false,"date":"2026-05-10 10:36:24","action":"change-status","newStatus":"draft","terms":[],"taxonomy":"category","extraData":[]},"publishpress_future_workflow_manual_trigger":{"enabledWorkflows":[]},"_links":{"self":[{"href":"https:\/\/www.lehrcare.de\/en\/wp-json\/wp\/v2\/posts\/400","targetHints":{"allow":["GET"]}}],"collection":[{"href":"https:\/\/www.lehrcare.de\/en\/wp-json\/wp\/v2\/posts"}],"about":[{"href":"https:\/\/www.lehrcare.de\/en\/wp-json\/wp\/v2\/types\/post"}],"author":[{"embeddable":true,"href":"https:\/\/www.lehrcare.de\/en\/wp-json\/wp\/v2\/users\/8"}],"replies":[{"embeddable":true,"href":"https:\/\/www.lehrcare.de\/en\/wp-json\/wp\/v2\/comments?post=400"}],"version-history":[{"count":8,"href":"https:\/\/www.lehrcare.de\/en\/wp-json\/wp\/v2\/posts\/400\/revisions"}],"predecessor-version":[{"id":563,"href":"https:\/\/www.lehrcare.de\/en\/wp-json\/wp\/v2\/posts\/400\/revisions\/563"}],"wp:attachment":[{"href":"https:\/\/www.lehrcare.de\/en\/wp-json\/wp\/v2\/media?parent=400"}],"wp:term":[{"taxonomy":"category","embeddable":true,"href":"https:\/\/www.lehrcare.de\/en\/wp-json\/wp\/v2\/categories?post=400"},{"taxonomy":"post_tag","embeddable":true,"href":"https:\/\/www.lehrcare.de\/en\/wp-json\/wp\/v2\/tags?post=400"}],"curies":[{"name":"wp","href":"https:\/\/api.w.org\/{rel}","templated":true}]}}