{"id":396,"date":"2011-04-15T14:22:12","date_gmt":"2011-04-15T12:22:12","guid":{"rendered":"http:\/\/www.lehrcare.de\/blog\/?p=396"},"modified":"2011-11-17T20:00:11","modified_gmt":"2011-11-17T18:00:11","slug":"stuttgarter-privatschulen-wachsen-weiter","status":"publish","type":"post","link":"https:\/\/www.lehrcare.de\/en\/stuttgarter-privatschulen-wachsen-weiter\/","title":{"rendered":"Stuttgarter Privatschulen wachsen weiter"},"content":{"rendered":"<p>Was bundesweit zu vermerken ist, zeigt sich auch in Stuttgart. Immer mehr Eltern versuchen der Bildungsmisere an staatlichen Schulen zu entfliehen, indem sie ihre Kinder an Privatschulen schicken. Ihnen ist wert, womit der Staat z\u00f6gert, <strong>sie investieren in die Bildung ihrer Kinder<\/strong>. An Stuttgarter Schulen in freier Tr\u00e4gerschaft lernen in diesem Schuljahr 17,2 Prozent der Sch\u00fcler in Baden-W\u00fcrttembergs Landeshauptstadt. Im Vorjahr waren es 16,8 Prozent. Immer \u00f6fter gibt es auch sogenannte &#8222;Quereinsteiger&#8220;, die in der f\u00fcnften, sechsten oder siebten Klasse von einer \u00f6ffentlichen auf eine private Schule wechseln wollen.<\/p>\n<p>Als Erfolgsmodell in Stuttgart erweist sich auch der &#8222;<strong>Realschul-Aufsetzer<\/strong>&#8222;. Bislang nur an der <em>Waldschule<\/em> angeboten, wird dort nach dem Realschulabschluss eine 3-j\u00e4hrige Weiterf\u00fchrung zum Abitur angeboten. Sie beinhaltet je eine zus\u00e4tzliche Stunde in Mathematik, Englisch und Physik. Das Angebot ist so attraktiv, dass die <em>Waldschule<\/em>, die bislang j\u00e4hrlich nur eine 11. Klasse bildete, im neuen Schuljahr wohl zwei 11. Klassen einrichten wird. 50 Interessenten gibt es jetzt schon.<\/p>\n<p>Mehr dazu: <a href=\"http:\/\/www.stuttgarter-zeitung.de\/inhalt.bildung-in-stuttgart-privatschulen-werden-immer-beliebter.c66931c5-39d4-4c3a-aaaa-e302047c2041.html\" target=\"_blank\">http:\/\/www.stuttgarter-zeitung.de\/inhalt.bildung-in-stuttgart-privatschulen-werden-immer-beliebter.c66931c5-39d4-4c3a-aaaa-e302047c2041.html<\/a><\/p>","protected":false},"excerpt":{"rendered":"<p>Stuttgarter Privatschulen immer beliebter<\/p>","protected":false},"author":8,"featured_media":0,"comment_status":"open","ping_status":"open","sticky":false,"template":"","format":"standard","meta":{"footnotes":""},"categories":[123],"tags":[39,47,97,98,99],"class_list":["post-396","post","type-post","status-publish","format-standard","hentry","category-lc-news","tag-privatschulen","tag-schulen-in-freier-tragerschaft","tag-stuttgart","tag-baden-wurttemberg","tag-realschul-aufsetzer"],"aioseo_notices":[],"publishpress_future_action":{"enabled":false,"date":"2026-05-06 10:49:41","action":"change-status","newStatus":"draft","terms":[],"taxonomy":"category","extraData":[]},"publishpress_future_workflow_manual_trigger":{"enabledWorkflows":[]},"_links":{"self":[{"href":"https:\/\/www.lehrcare.de\/en\/wp-json\/wp\/v2\/posts\/396","targetHints":{"allow":["GET"]}}],"collection":[{"href":"https:\/\/www.lehrcare.de\/en\/wp-json\/wp\/v2\/posts"}],"about":[{"href":"https:\/\/www.lehrcare.de\/en\/wp-json\/wp\/v2\/types\/post"}],"author":[{"embeddable":true,"href":"https:\/\/www.lehrcare.de\/en\/wp-json\/wp\/v2\/users\/8"}],"replies":[{"embeddable":true,"href":"https:\/\/www.lehrcare.de\/en\/wp-json\/wp\/v2\/comments?post=396"}],"version-history":[{"count":3,"href":"https:\/\/www.lehrcare.de\/en\/wp-json\/wp\/v2\/posts\/396\/revisions"}],"predecessor-version":[{"id":564,"href":"https:\/\/www.lehrcare.de\/en\/wp-json\/wp\/v2\/posts\/396\/revisions\/564"}],"wp:attachment":[{"href":"https:\/\/www.lehrcare.de\/en\/wp-json\/wp\/v2\/media?parent=396"}],"wp:term":[{"taxonomy":"category","embeddable":true,"href":"https:\/\/www.lehrcare.de\/en\/wp-json\/wp\/v2\/categories?post=396"},{"taxonomy":"post_tag","embeddable":true,"href":"https:\/\/www.lehrcare.de\/en\/wp-json\/wp\/v2\/tags?post=396"}],"curies":[{"name":"wp","href":"https:\/\/api.w.org\/{rel}","templated":true}]}}