{"id":386,"date":"2011-03-28T18:27:18","date_gmt":"2011-03-28T16:27:18","guid":{"rendered":"http:\/\/www.lehrcare.de\/blog\/?p=386"},"modified":"2011-11-17T19:32:30","modified_gmt":"2011-11-17T17:32:30","slug":"lehrermangel-in-oesterreich","status":"publish","type":"post","link":"https:\/\/www.lehrcare.de\/en\/lehrermangel-in-oesterreich\/","title":{"rendered":"Lehrermangel in \u00d6sterreich"},"content":{"rendered":"<p>Auch in<strong> Austria<\/strong> mangelt es mehr und mehr an Lehrern. Man sch\u00e4tzt, dass 2025 etwa die H\u00e4lfte der jetzt 114.000 Lehrer und Lehrerinnen nicht mehr im Schuldienst t\u00e4tig sein wird. Schon jetzt starten die \u00f6sterreichischen Bundesl\u00e4nder mit verschiedenen Ma\u00dfnahmen: holen Lehrer aus der Pension zur\u00fcck, setzen Studenten ein, weiten Teilzeitstellen zu Vollzeitstellen aus, verpflichten zu \u00dcberstunden. Was auch den \u00d6sterreichern zu schaffen macht, ist Abwerbung, z.B. aus der Schweiz. Die Lehrergewerkschaften fordern daher h\u00f6here Einstiegsgeh\u00e4lter und eine neue Ausbildung.<\/p>\n<p><a href=\"http:\/\/lehrer.diepresse.com\/home\/lehrerbildung\/633073\/Lehrermangel_Schmied-setzt-auf-mehr-Studenten?_vl_backlink=\/home\/lehrerbildung\/index.do\">http:\/\/lehrer.diepresse.com\/home\/lehrerbildung\/633073\/Lehrermangel_Schmied-setzt-auf-mehr-Studenten?_vl_backlink=\/home\/lehrerbildung\/index.do<\/a><\/p>","protected":false},"excerpt":{"rendered":"<p>Lehrermangel in \u00d6sterreich<\/p>","protected":false},"author":8,"featured_media":0,"comment_status":"open","ping_status":"open","sticky":false,"template":"","format":"standard","meta":{"footnotes":""},"categories":[146],"tags":[36,33],"class_list":["post-386","post","type-post","status-publish","format-standard","hentry","category-osterreich-privatschulen-in-freier-tragerschaft","tag-osterreich","tag-bildungspolitik"],"aioseo_notices":[],"publishpress_future_action":{"enabled":false,"date":"2026-05-06 10:50:08","action":"change-status","newStatus":"draft","terms":[],"taxonomy":"category","extraData":[]},"publishpress_future_workflow_manual_trigger":{"enabledWorkflows":[]},"_links":{"self":[{"href":"https:\/\/www.lehrcare.de\/en\/wp-json\/wp\/v2\/posts\/386","targetHints":{"allow":["GET"]}}],"collection":[{"href":"https:\/\/www.lehrcare.de\/en\/wp-json\/wp\/v2\/posts"}],"about":[{"href":"https:\/\/www.lehrcare.de\/en\/wp-json\/wp\/v2\/types\/post"}],"author":[{"embeddable":true,"href":"https:\/\/www.lehrcare.de\/en\/wp-json\/wp\/v2\/users\/8"}],"replies":[{"embeddable":true,"href":"https:\/\/www.lehrcare.de\/en\/wp-json\/wp\/v2\/comments?post=386"}],"version-history":[{"count":3,"href":"https:\/\/www.lehrcare.de\/en\/wp-json\/wp\/v2\/posts\/386\/revisions"}],"predecessor-version":[{"id":541,"href":"https:\/\/www.lehrcare.de\/en\/wp-json\/wp\/v2\/posts\/386\/revisions\/541"}],"wp:attachment":[{"href":"https:\/\/www.lehrcare.de\/en\/wp-json\/wp\/v2\/media?parent=386"}],"wp:term":[{"taxonomy":"category","embeddable":true,"href":"https:\/\/www.lehrcare.de\/en\/wp-json\/wp\/v2\/categories?post=386"},{"taxonomy":"post_tag","embeddable":true,"href":"https:\/\/www.lehrcare.de\/en\/wp-json\/wp\/v2\/tags?post=386"}],"curies":[{"name":"wp","href":"https:\/\/api.w.org\/{rel}","templated":true}]}}