{"id":359,"date":"2011-02-22T22:41:31","date_gmt":"2011-02-22T20:41:31","guid":{"rendered":"http:\/\/www.lehrcare.de\/blog\/?p=359"},"modified":"2011-11-17T20:06:25","modified_gmt":"2011-11-17T18:06:25","slug":"lehrer-aus-einwandererfamilien-erwuenscht-2","status":"publish","type":"post","link":"https:\/\/www.lehrcare.de\/en\/lehrer-aus-einwandererfamilien-erwuenscht-2\/","title":{"rendered":"Lehrer aus Einwandererfamilien erw\u00fcnscht"},"content":{"rendered":"<p>Obwohl es an den \u00f6ffentlichen Schulen in Berlin inzwischen gut <strong>32 Prozent Sch\u00fcler aus Einwandererfamilien<\/strong> gibt; stellen Lehrer mit Migrationshintergrund immer noch eine  verschwindend kleine Minderheit dar (gesch\u00e4tzte vier bis sechs Prozent).  Die Hamburger ZEIT-Stiftung Ebelin und Gerd Bucerius hat aus diesem  Grunde im Jahr 2008 begonnen, einen sogenannten &#8222;Sch\u00fclercampus&#8220; f\u00fcr  Sch\u00fcler der 10. bis 13. Klassenzu veranstalten. Bei dem 4-t\u00e4gigen  Seminar werden den Interessenten Informationen rund um den Lehrerberuf  vermittelt.<\/p>\n<p>Bisher fand der Sch\u00fclercampus bereits in den Bundesl\u00e4ndern Hamburg,  Nordrhein-Westfalen, Niedersachsen, Bremen und Bayern statt, vom 16. bis  19. Juni 2011 nun auch in Berlin (<strong>Bewerbungsschluss ist der 31.03.2011!<\/strong>).  Auch in der Bundeshauptstadt wird die Initiative von privaten und  \u00f6ffentlichen Institutionen unterst\u00fctzt. Das sind die Gemeinn\u00fctzige  Hertie-Stiftung, die Berliner Senatsverwaltung f\u00fcr Bildung, Wissenschaft  und Forschung, die Freie Universit\u00e4t und die Humboldt-Universit\u00e4t. Das <em>Berliner Netzwerk f\u00fcr Lehrer mit Migrationshintergrund<\/em> ist Tr\u00e4ger des Projekts. Die bisherigen Campi lassen hoffen: Von den  121 Teilnehmern haben inzwischen 73 ein Lehramtstudium begonnen. Bleibt  nur zu w\u00fcnschen, dass auch alle eine Anstellung finden. In Zeiten des  Lehrermangels sollte das ja eigentlich kein Problem sein.<\/p>\n<p>Mehr dazu: <a href=\"http:\/\/www.mehr-migranten-werden-lehrer.de\/\" target=\"_blank\">www.mehr-migranten-werden-lehrer.de<\/a><\/p>","protected":false},"excerpt":{"rendered":"<p>Initiative f\u00f6rdert Lehramtsstudium von Kindern aus Einwandererfamilien<\/p>","protected":false},"author":8,"featured_media":0,"comment_status":"open","ping_status":"open","sticky":false,"template":"","format":"standard","meta":{"footnotes":""},"categories":[123],"tags":[33,83,86],"class_list":["post-359","post","type-post","status-publish","format-standard","hentry","category-lc-news","tag-bildungspolitik","tag-lehrer-mit-migrationshintergrund","tag-auslandische-lehrer-2"],"aioseo_notices":[],"publishpress_future_action":{"enabled":false,"date":"2026-05-04 23:39:50","action":"change-status","newStatus":"draft","terms":[],"taxonomy":"category","extraData":[]},"publishpress_future_workflow_manual_trigger":{"enabledWorkflows":[]},"_links":{"self":[{"href":"https:\/\/www.lehrcare.de\/en\/wp-json\/wp\/v2\/posts\/359","targetHints":{"allow":["GET"]}}],"collection":[{"href":"https:\/\/www.lehrcare.de\/en\/wp-json\/wp\/v2\/posts"}],"about":[{"href":"https:\/\/www.lehrcare.de\/en\/wp-json\/wp\/v2\/types\/post"}],"author":[{"embeddable":true,"href":"https:\/\/www.lehrcare.de\/en\/wp-json\/wp\/v2\/users\/8"}],"replies":[{"embeddable":true,"href":"https:\/\/www.lehrcare.de\/en\/wp-json\/wp\/v2\/comments?post=359"}],"version-history":[{"count":6,"href":"https:\/\/www.lehrcare.de\/en\/wp-json\/wp\/v2\/posts\/359\/revisions"}],"predecessor-version":[{"id":581,"href":"https:\/\/www.lehrcare.de\/en\/wp-json\/wp\/v2\/posts\/359\/revisions\/581"}],"wp:attachment":[{"href":"https:\/\/www.lehrcare.de\/en\/wp-json\/wp\/v2\/media?parent=359"}],"wp:term":[{"taxonomy":"category","embeddable":true,"href":"https:\/\/www.lehrcare.de\/en\/wp-json\/wp\/v2\/categories?post=359"},{"taxonomy":"post_tag","embeddable":true,"href":"https:\/\/www.lehrcare.de\/en\/wp-json\/wp\/v2\/tags?post=359"}],"curies":[{"name":"wp","href":"https:\/\/api.w.org\/{rel}","templated":true}]}}