{"id":351,"date":"2011-02-16T16:01:29","date_gmt":"2011-02-16T14:01:29","guid":{"rendered":"http:\/\/www.lehrcare.de\/blog\/?p=351"},"modified":"2011-11-17T19:26:33","modified_gmt":"2011-11-17T17:26:33","slug":"akleb-weiterbildungsangebot-fur-seiteneinsteiger","status":"publish","type":"post","link":"https:\/\/www.lehrcare.de\/en\/akleb-weiterbildungsangebot-fur-seiteneinsteiger\/","title":{"rendered":"AKLEB \u2013 Weiterbildungsangebot f\u00fcr Seiteneinsteiger"},"content":{"rendered":"<p>Im Rahmen des Projektes \u201e<strong>AKLEB<\/strong>\u201c am Berliner City-Seminar  erhalten Akademiker einschl\u00e4giger Fachrichtungen eine p\u00e4dagogische  Qualifizierung f\u00fcr den Lehrerberuf. <span style=\"text-decoration: underline;\">Zwar ersetzt diese Weiterbildung nicht das 2. Staatsexamen eines Lehramtsstudiums<\/span>,  doch sofern eine Schule in Berlin oder Brandenburg Bedarf und Interesse  an einem Seiteneinsteiger mit AKLEB-Qualifizierung hat, wird nach den  bisherigen Erfahrungen auch eine Unterrichtsgenehmigung erteilt.<\/p>\n<p>Das Angebot richtet sich an <strong>Akademiker mit abgeschlossener Ausbildung<\/strong> (Diplom oder diplomvergleichbarer Abschluss), die <span style=\"text-decoration: underline;\">zum Zeitpunkt des Kursbeginns arbeitslos bzw. arbeitsuchend gemeldet<\/span> sind. F\u00fcr diesen Interessentenkreis ist der Lehrgang mit einem  Bildungsgutschein von den Arbeitsagenturen und Job-Centern, aber auch  anderer Versicherungstr\u00e4ger f\u00f6rderbar. Der n\u00e4chste Kurs in Berlin findet  vom 07.03. bis 15.12.2011 statt.<\/p>\n<p>Das der Weiterbildung zugrunde liegende Konzept wurde gemeinsam mit  dem Fachbereich Erziehungswissenschaften der Freien Universit\u00e4t Berlin  erarbeitet und wird von dieser w\u00e4hrend der gesamten Kursdauer  wissenschaftlich begleitet. Insbesondere aufgrund des dreimonatigen  Praktikums am Ende des \u201eLehrgangs\u201c ist diese Weiterbildung f\u00fcr jeden  interessant, der sich mit dem Gedanken tr\u00e4gt, in den Lehrerberuf  einzusteigen.<\/p>\n<p>Inhalt der Weiterbildung ist der Kompetenzerwerb in den Bereichen  Didaktik, Methodik, Psychologie, Soziologie, Fachdidaktik und  Schulpraxis.<\/p>\n<p>Haben wir Ihr Interesse geweckt oder ben\u00f6tigen Sie weitere  Informationen? Dann wenden Sie sich bitte direkt an den  AKLEB-Lehrgangsleiter, Herrn Mario Pehl (mario.pehl@city-seminar.de ),  der Ihnen gerne f\u00fcr weitere Ausk\u00fcnfte zur Verf\u00fcgung steht: CITY \u2013  Seminar P\u00e4dagogische Akademie, Wilmersdorfer Stra\u00dfe 138 \u2013 140, 10585  Berlin, Tel.: 030 \/ 88-67-74-35, <a href=\"http:\/\/www.city-seminar.de\/\" target=\"_blank\">www.city-seminar.de<\/a>.<\/p>","protected":false},"excerpt":{"rendered":"<p>Das City-Seminar in Berlin bietet eine Weiterbildung f\u00fcr Seiteneinsteiger in den Lehrerberuf an.<\/p>","protected":false},"author":8,"featured_media":0,"comment_status":"open","ping_status":"open","sticky":false,"template":"","format":"standard","meta":{"footnotes":""},"categories":[122],"tags":[61,62,77,79,80,81],"class_list":["post-351","post","type-post","status-publish","format-standard","hentry","category-seiteneinstieg-ins-lehramt","tag-seiteneinsteiger","tag-quereinsteiger","tag-weiterbildung","tag-city-seminar","tag-lehrerin","tag-akleb"],"aioseo_notices":[],"publishpress_future_action":{"enabled":false,"date":"2026-05-04 23:39:37","action":"change-status","newStatus":"draft","terms":[],"taxonomy":"category","extraData":[]},"publishpress_future_workflow_manual_trigger":{"enabledWorkflows":[]},"_links":{"self":[{"href":"https:\/\/www.lehrcare.de\/en\/wp-json\/wp\/v2\/posts\/351","targetHints":{"allow":["GET"]}}],"collection":[{"href":"https:\/\/www.lehrcare.de\/en\/wp-json\/wp\/v2\/posts"}],"about":[{"href":"https:\/\/www.lehrcare.de\/en\/wp-json\/wp\/v2\/types\/post"}],"author":[{"embeddable":true,"href":"https:\/\/www.lehrcare.de\/en\/wp-json\/wp\/v2\/users\/8"}],"replies":[{"embeddable":true,"href":"https:\/\/www.lehrcare.de\/en\/wp-json\/wp\/v2\/comments?post=351"}],"version-history":[{"count":3,"href":"https:\/\/www.lehrcare.de\/en\/wp-json\/wp\/v2\/posts\/351\/revisions"}],"predecessor-version":[{"id":536,"href":"https:\/\/www.lehrcare.de\/en\/wp-json\/wp\/v2\/posts\/351\/revisions\/536"}],"wp:attachment":[{"href":"https:\/\/www.lehrcare.de\/en\/wp-json\/wp\/v2\/media?parent=351"}],"wp:term":[{"taxonomy":"category","embeddable":true,"href":"https:\/\/www.lehrcare.de\/en\/wp-json\/wp\/v2\/categories?post=351"},{"taxonomy":"post_tag","embeddable":true,"href":"https:\/\/www.lehrcare.de\/en\/wp-json\/wp\/v2\/tags?post=351"}],"curies":[{"name":"wp","href":"https:\/\/api.w.org\/{rel}","templated":true}]}}