{"id":340,"date":"2011-02-15T19:40:50","date_gmt":"2011-02-15T17:40:50","guid":{"rendered":"http:\/\/www.lehrcare.de\/blog\/?p=340"},"modified":"2011-11-17T20:06:10","modified_gmt":"2011-11-17T18:06:10","slug":"privatschulen-punkten-mit-schulklima","status":"publish","type":"post","link":"https:\/\/www.lehrcare.de\/en\/privatschulen-punkten-mit-schulklima\/","title":{"rendered":"Privatschulen punkten mit Schulklima"},"content":{"rendered":"<p>In einer aktuellen Studie der Friedrich-Ebert-Stiftung, bei der Schulen in freier Tr\u00e4gerschaft mit \u00f6ffentlichen Schulen verglichen wurden, zeigt sich, dass an Privatschulen vor allem <strong>ein besseres Schulklima<\/strong> herrscht. In anderen Bereichen hingegen seien die Unterschiede eher gering, wobei jedoch viele Eltern zu w\u00fcrdigen wissen, dass sie \u00fcberhaupt selber w\u00e4hlen k\u00f6nnen, an welcher Schule ihr Kind lernen soll.<\/p>\n<p>Die Zahl der Kinder, die an Schulen in freier Tr\u00e4gerschaft lernen, ist seit der ersten PISA-Studie (2001)<strong> um 55 Prozent gestiegen<\/strong> und betr\u00e4gt nun etwa 700.000. Eltern hofften dabei vor allem darauf, mit den innovativen Konzepten vieler Privatschulen der deutschen \u201eBildungsmisere\u201c zu entfliehen.<\/p>\n<p>Wenn heutzutage neue Privatschulen gegr\u00fcndet werden, liegt das am Mangel an Ganztagsschulen, F\u00f6rderschulen und zweisprachigem Unterricht. In Ostdeutschland wiederum auch daran, dass Schulen mangels Sch\u00fclern schlie\u00dfen. Fragt sich ja nur, warum und wie eine Privatschule dann anstelle der staatlichen Schule dennoch bestehen kann?!<\/p>\n<p><a href=\"http:\/\/www.fr-online.de\/wissenschaft\/schule\/privatschule-ist-nicht-besser\/-\/5024182\/7176026\/-\/index.html\">http:\/\/www.fr-online.de\/wissenschaft\/schule\/privatschule-ist-nicht-besser\/-\/5024182\/7176026\/-\/index.html<\/a><\/p>","protected":false},"excerpt":{"rendered":"<p>Das Schulkilma ist an privaten Schulen besser als an staatlichen Schulen. Eine Studie beweist es.<\/p>","protected":false},"author":8,"featured_media":0,"comment_status":"open","ping_status":"open","sticky":false,"template":"","format":"standard","meta":{"footnotes":""},"categories":[123],"tags":[39,88,89,90],"class_list":["post-340","post","type-post","status-publish","format-standard","hentry","category-lc-news","tag-privatschulen","tag-umfrage","tag-studie","tag-schulklima"],"aioseo_notices":[],"publishpress_future_action":{"enabled":false,"date":"2026-05-04 23:39:50","action":"change-status","newStatus":"draft","terms":[],"taxonomy":"category","extraData":[]},"publishpress_future_workflow_manual_trigger":{"enabledWorkflows":[]},"_links":{"self":[{"href":"https:\/\/www.lehrcare.de\/en\/wp-json\/wp\/v2\/posts\/340","targetHints":{"allow":["GET"]}}],"collection":[{"href":"https:\/\/www.lehrcare.de\/en\/wp-json\/wp\/v2\/posts"}],"about":[{"href":"https:\/\/www.lehrcare.de\/en\/wp-json\/wp\/v2\/types\/post"}],"author":[{"embeddable":true,"href":"https:\/\/www.lehrcare.de\/en\/wp-json\/wp\/v2\/users\/8"}],"replies":[{"embeddable":true,"href":"https:\/\/www.lehrcare.de\/en\/wp-json\/wp\/v2\/comments?post=340"}],"version-history":[{"count":5,"href":"https:\/\/www.lehrcare.de\/en\/wp-json\/wp\/v2\/posts\/340\/revisions"}],"predecessor-version":[{"id":580,"href":"https:\/\/www.lehrcare.de\/en\/wp-json\/wp\/v2\/posts\/340\/revisions\/580"}],"wp:attachment":[{"href":"https:\/\/www.lehrcare.de\/en\/wp-json\/wp\/v2\/media?parent=340"}],"wp:term":[{"taxonomy":"category","embeddable":true,"href":"https:\/\/www.lehrcare.de\/en\/wp-json\/wp\/v2\/categories?post=340"},{"taxonomy":"post_tag","embeddable":true,"href":"https:\/\/www.lehrcare.de\/en\/wp-json\/wp\/v2\/tags?post=340"}],"curies":[{"name":"wp","href":"https:\/\/api.w.org\/{rel}","templated":true}]}}