{"id":307,"date":"2011-02-05T22:25:49","date_gmt":"2011-02-05T20:25:49","guid":{"rendered":"http:\/\/www.lehrcare.de\/blog\/?p=307"},"modified":"2011-11-17T20:03:41","modified_gmt":"2011-11-17T18:03:41","slug":"neue-waldorfschule-in-werder","status":"publish","type":"post","link":"https:\/\/www.lehrcare.de\/en\/neue-waldorfschule-in-werder\/","title":{"rendered":"Neue Waldorfschule in Werder"},"content":{"rendered":"<p>Die &#8222;<strong>Freie Schule am Zernsee<\/strong>&#8220; im brandenburgischen Werder tritt in diesem Jahr dem &#8222;Bund der Waldorfschulen&#8220; bei und darf sich somit offiziell eine Waldorfschule nennen. An Waldorfschulen tanzen die Kinder nicht nur ihren Namen, wie &#8222;b\u00f6se Zungen&#8220; sagen, sondern sollen Wissen praktisch erleben und ausprobieren, wie z.B. die Keilschrift der \u00c4gypter im Geschichtsunterricht der 5. Klasse. Diese P\u00e4dagogik geht auf Rudolf-Steiner (1861 &#8211; 1925) zur\u00fcck, weswegen man sie auch &#8222;Rudolf-Steiner-Schulen&#8220; nennt. In Deutschland gibt es weltweit die meisten Schulen dieser Art (221), gefolgt von den Niederlanden (130) und den USA (92).<\/p>\n<p>Was f\u00fcr ein Schulkind wichtig ist, dar\u00fcber lie\u00dfe sich sicher herrlich streiten, aber einen Vorteil der Waldorfschule in Werder, die k\u00fcnftig den Namen des Dichters Christian Morgenstern tragen wird, kann niemand kleinreden: <span style=\"text-decoration: underline;\">Maximal 15 Sch\u00fcler lernen in einer Klasse<\/span>. Dieses Beispiel sollte &#8222;Schule machen&#8220;. Im wahrsten Sinne des Wortes.<\/p>\n<p><a href=\"http:\/\/www.maerkischeallgemeine.de\/cms\/beitrag\/11996655\/60889\/Die-Freie-Schule-am-Zernsee-tritt-Verbund-bei.html\" target=\"_blank\">http:\/\/www.maerkischeallgemeine.de\/cms\/beitrag\/11996655\/60889\/Die-Freie-Schule-am-Zernsee-tritt-Verbund-bei.html<\/a><\/p>","protected":false},"excerpt":{"rendered":"<p>Waldorfschule in Werder \/ Brandenburg<\/p>","protected":false},"author":8,"featured_media":0,"comment_status":"open","ping_status":"open","sticky":false,"template":"","format":"standard","meta":{"footnotes":""},"categories":[123],"tags":[33,56,57,58,59],"class_list":["post-307","post","type-post","status-publish","format-standard","hentry","category-lc-news","tag-bildungspolitik","tag-waldorfschulen","tag-werder","tag-rudolf-steiner","tag-brandenburg"],"aioseo_notices":[],"publishpress_future_action":{"enabled":false,"date":"2026-05-04 23:39:51","action":"change-status","newStatus":"draft","terms":[],"taxonomy":"category","extraData":[]},"publishpress_future_workflow_manual_trigger":{"enabledWorkflows":[]},"_links":{"self":[{"href":"https:\/\/www.lehrcare.de\/en\/wp-json\/wp\/v2\/posts\/307","targetHints":{"allow":["GET"]}}],"collection":[{"href":"https:\/\/www.lehrcare.de\/en\/wp-json\/wp\/v2\/posts"}],"about":[{"href":"https:\/\/www.lehrcare.de\/en\/wp-json\/wp\/v2\/types\/post"}],"author":[{"embeddable":true,"href":"https:\/\/www.lehrcare.de\/en\/wp-json\/wp\/v2\/users\/8"}],"replies":[{"embeddable":true,"href":"https:\/\/www.lehrcare.de\/en\/wp-json\/wp\/v2\/comments?post=307"}],"version-history":[{"count":5,"href":"https:\/\/www.lehrcare.de\/en\/wp-json\/wp\/v2\/posts\/307\/revisions"}],"predecessor-version":[{"id":573,"href":"https:\/\/www.lehrcare.de\/en\/wp-json\/wp\/v2\/posts\/307\/revisions\/573"}],"wp:attachment":[{"href":"https:\/\/www.lehrcare.de\/en\/wp-json\/wp\/v2\/media?parent=307"}],"wp:term":[{"taxonomy":"category","embeddable":true,"href":"https:\/\/www.lehrcare.de\/en\/wp-json\/wp\/v2\/categories?post=307"},{"taxonomy":"post_tag","embeddable":true,"href":"https:\/\/www.lehrcare.de\/en\/wp-json\/wp\/v2\/tags?post=307"}],"curies":[{"name":"wp","href":"https:\/\/api.w.org\/{rel}","templated":true}]}}