{"id":267,"date":"2011-01-13T11:23:00","date_gmt":"2011-01-13T09:23:00","guid":{"rendered":"http:\/\/www.lehrcare.de\/blog\/?p=267"},"modified":"2011-11-17T20:02:08","modified_gmt":"2011-11-17T18:02:08","slug":"berliner-volksinitiative-schule-in-freiheit","status":"publish","type":"post","link":"https:\/\/www.lehrcare.de\/en\/berliner-volksinitiative-schule-in-freiheit\/","title":{"rendered":"Berliner Volksinitiative \u201cSchule in Freiheit\u201d"},"content":{"rendered":"<p>Die Berliner Volksinitiative &#8222;<strong>Schule in Freiheit<\/strong>&#8220; hat die erste H\u00fcrde genommen. Etwa 24.000 B\u00fcrger haben die Aktion unterst\u00fctzt, sodass das Berliner Abgeodnetenhaus nun gehalten ist, sich innerhalb von vier Monaten mit diesem Anliegen zu befassen. Die Initiatoren wollen einerseits erreichen, dass \u00f6ffentliche und private Schulen k\u00fcnftig vom Staat gleich finanziert werden und andererseits, dass Schulen selbst \u00fcber ihr Personal und ihr Budget verf\u00fcgen k\u00f6nnen. Die veranschlagten Kosten f\u00fcr die Umsetzung dieses Anliegens in H\u00f6he von zirka 60 Millionen Euro j\u00e4hrlich, lassen jedoch daran zweifeln, dass die Berliner Landesregierung so einfach zustimmt.<\/p>\n<p>Mehr dazu: http:\/\/www.rbb-online.de\/nachrichten\/politik\/2011_01\/initiative__schule.html<\/p>","protected":false},"excerpt":{"rendered":"<p>Berliner Volksinitiative &#8222;Schule in Freiheit&#8220; hat erste H\u00fcrde genommen<\/p>","protected":false},"author":8,"featured_media":0,"comment_status":"open","ping_status":"open","sticky":false,"template":"","format":"standard","meta":{"footnotes":""},"categories":[123],"tags":[33,39,45],"class_list":["post-267","post","type-post","status-publish","format-standard","hentry","category-lc-news","tag-bildungspolitik","tag-privatschulen","tag-berlin"],"aioseo_notices":[],"publishpress_future_action":{"enabled":false,"date":"2026-05-08 10:31:30","action":"change-status","newStatus":"draft","terms":[],"taxonomy":"category","extraData":[]},"publishpress_future_workflow_manual_trigger":{"enabledWorkflows":[]},"_links":{"self":[{"href":"https:\/\/www.lehrcare.de\/en\/wp-json\/wp\/v2\/posts\/267","targetHints":{"allow":["GET"]}}],"collection":[{"href":"https:\/\/www.lehrcare.de\/en\/wp-json\/wp\/v2\/posts"}],"about":[{"href":"https:\/\/www.lehrcare.de\/en\/wp-json\/wp\/v2\/types\/post"}],"author":[{"embeddable":true,"href":"https:\/\/www.lehrcare.de\/en\/wp-json\/wp\/v2\/users\/8"}],"replies":[{"embeddable":true,"href":"https:\/\/www.lehrcare.de\/en\/wp-json\/wp\/v2\/comments?post=267"}],"version-history":[{"count":6,"href":"https:\/\/www.lehrcare.de\/en\/wp-json\/wp\/v2\/posts\/267\/revisions"}],"predecessor-version":[{"id":569,"href":"https:\/\/www.lehrcare.de\/en\/wp-json\/wp\/v2\/posts\/267\/revisions\/569"}],"wp:attachment":[{"href":"https:\/\/www.lehrcare.de\/en\/wp-json\/wp\/v2\/media?parent=267"}],"wp:term":[{"taxonomy":"category","embeddable":true,"href":"https:\/\/www.lehrcare.de\/en\/wp-json\/wp\/v2\/categories?post=267"},{"taxonomy":"post_tag","embeddable":true,"href":"https:\/\/www.lehrcare.de\/en\/wp-json\/wp\/v2\/tags?post=267"}],"curies":[{"name":"wp","href":"https:\/\/api.w.org\/{rel}","templated":true}]}}