{"id":2359,"date":"2022-09-14T09:11:32","date_gmt":"2022-09-14T07:11:32","guid":{"rendered":"https:\/\/www.lehrcare.de\/blog\/?p=2359"},"modified":"2022-12-13T12:11:48","modified_gmt":"2022-12-13T10:11:48","slug":"bildung-fuer-nachhaltige-entwicklung-bne-programme-und-akteure","status":"publish","type":"post","link":"https:\/\/www.lehrcare.de\/en\/bildung-fuer-nachhaltige-entwicklung-bne-programme-und-akteure\/","title":{"rendered":"Bildung f\u00fcr nachhaltige Entwicklung (BNE): Programme und Akteure"},"content":{"rendered":"<p>In Anbetracht von Szenarien wie Klimawandel, Artensterben, Hunger, schwindenden Energieressourcen und rasant wachsender Weltbev\u00f6lkerung ist Bildung f\u00fcr nachhaltige Entwicklung (BNE) der Sammelbegriff f\u00fcr s\u00e4mtliche Bildungs- und Handlungsans\u00e4tze, die Menschen dazu bef\u00e4higen, die Welt nachhaltig und gerecht zu gestalten. Dazu geh\u00f6rt nicht nur die Vermittlung konkreter Kompetenzen, sondern auch die Anleitung zu kritischem Denken. Initiiert wurde das Konzept BNE 2015 von der UNESCO. In Deutschland hat der<a href=\"https:\/\/www.bne-portal.de\/bne\/de\/nationaler-aktionsplan\/nationaler-aktionsplan_node.html\" target=\"_blank\" rel=\"noreferrer noopener\"> Nationale Aktionsplan BNE<\/a> die Aufgabe, BNE-Inhalte in allen Bildungsbereichen zu verankern. Folgende Programme und Akteure vermitteln BNE f\u00fcr Schulen und die Fr\u00fchkindliche Bildung.<\/p>\n\n\n\n<p><a href=\"https:\/\/www.bne-portal.de\/bne\/shareddocs\/downloads\/files\/nationaler_aktionsplan_bildung-er_nachhaltige_entwicklung_neu.pdf?__blob=publicationFile&amp;v=1\" target=\"_blank\" rel=\"noreferrer noopener\" title=\"https:\/\/www.bne-portal.de\/bne\/shareddocs\/downloads\/files\/nationaler_aktionsplan_bildung-er_nachhaltige_entwicklung_neu.pdf?__blob=publicationFile&amp;v=1\">Nationaler Aktionsplan BNE im Wortlaut<\/a><br><a href=\"https:\/\/www.bne-portal.de\/bne\/shareddocs\/downloads\/files\/20210407_bne-bericht_breg21_kabinettvorlage_cps_bf.pdf?__blob=publicationFile&amp;v=1\" target=\"_blank\" rel=\"noreferrer noopener\">BNE-Bericht der Bundesregierung 2021 <\/a><\/p>\n\n\n\n<h3 class=\"wp-block-heading\">Programme und Akteure<\/h3>\n\n\n\n<p>Eine der umfassendsten \u00dcbersichten \u00fcber BNE-Aktivit\u00e4ten liefert eine <a href=\"https:\/\/www.bne-portal.de\/SiteGlobals\/Forms\/bne\/berichtsuche\/berichtsuche_Formular.html\" target=\"_blank\" rel=\"noreferrer noopener\">Datenbank <\/a>auf den Seiten des Bundesbildungsministeriums. Sie listet aktuell (Stand: September 2022) insgesamt 272 BNE-Programme und Akteure auf. Die Datenbank ist durchsuchbar nach Bildungsbereich und Handlungsfeld. <\/p>\n\n\n\n<h3 class=\"wp-block-heading\">Materialien, Ressourcen und Anlaufstellen f\u00fcr Lehrkr\u00e4fte<\/h3>\n\n\n\n<p>Die KMK h\u00e4lt den <a href=\"https:\/\/www.kmk.org\/fileadmin\/veroeffentlichungen_beschluesse\/2015\/2015_06_00-Orientierungsrahmen-Globale-Entwicklung.pdf\" target=\"_blank\" rel=\"noreferrer noopener\" title=\"Orientierungsrahmen f\u00fcr den Lernbereich Globale ENtwicklung\">Orientierungsrahmen f\u00fcr den Lernbereich Globale Entwicklung<\/a> bereit. Das Portal <a href=\"https:\/\/www.bne-portal.de\/bne\/de\/einstieg\/bildungsbereiche\/schule\/schule.html\" target=\"_blank\" rel=\"noreferrer noopener\" title=\"Portal &quot;BNE in der Schule&quot;\">\u201eBNE in der Schule\u201c<\/a> b\u00fcndelt s\u00e4mtliche Informationen zu Zielen und M\u00f6glichkeiten von BNE im Schul- und Unterrichtsrahmen. Die gemeinn\u00fctzige <a href=\"https:\/\/www.engagement-global.de\/globale-entwicklung-in-der-schule.html\" target=\"_blank\" rel=\"noreferrer noopener\" title=\"Engagement Global\">Initiative Engagement Global<\/a> informiert, ber\u00e4t Privatpersonen, Kommunen sowie Bildungstr\u00e4ger und schult zu Entwicklungs- und Nachhaltigkeitsthemen.<\/p>","protected":false},"excerpt":{"rendered":"<p>In Anbetracht von Szenarien wie Klimawandel, Artensterben, Hunger, schwindenden Energieressourcen und rasant wachsender Weltbev\u00f6lkerung ist Bildung f\u00fcr nachhaltige Entwicklung (BNE) der Sammelbegriff f\u00fcr s\u00e4mtliche Bildungs- und Handlungsans\u00e4tze, die Menschen dazu bef\u00e4higen, die Welt nachhaltig und gerecht zu gestalten. <\/p>","protected":false},"author":8,"featured_media":3148,"comment_status":"open","ping_status":"open","sticky":false,"template":"","format":"standard","meta":{"footnotes":""},"categories":[176,180],"tags":[561,893,1044,1045,1046,1047],"class_list":["post-2359","post","type-post","status-publish","format-standard","has-post-thumbnail","hentry","category-infoseiten","category-links-tipps","tag-unesco","tag-umweltbildung","tag-bne","tag-bildung-fuer-nachhaltige-entwicklung","tag-nachhaltigkeitsbildung","tag-umwelterziehung"],"aioseo_notices":[],"publishpress_future_action":{"enabled":false,"date":"2026-05-08 09:17:38","action":"change-status","newStatus":"draft","terms":[],"taxonomy":"category","extraData":[]},"publishpress_future_workflow_manual_trigger":{"enabledWorkflows":[]},"_links":{"self":[{"href":"https:\/\/www.lehrcare.de\/en\/wp-json\/wp\/v2\/posts\/2359","targetHints":{"allow":["GET"]}}],"collection":[{"href":"https:\/\/www.lehrcare.de\/en\/wp-json\/wp\/v2\/posts"}],"about":[{"href":"https:\/\/www.lehrcare.de\/en\/wp-json\/wp\/v2\/types\/post"}],"author":[{"embeddable":true,"href":"https:\/\/www.lehrcare.de\/en\/wp-json\/wp\/v2\/users\/8"}],"replies":[{"embeddable":true,"href":"https:\/\/www.lehrcare.de\/en\/wp-json\/wp\/v2\/comments?post=2359"}],"version-history":[{"count":3,"href":"https:\/\/www.lehrcare.de\/en\/wp-json\/wp\/v2\/posts\/2359\/revisions"}],"predecessor-version":[{"id":2362,"href":"https:\/\/www.lehrcare.de\/en\/wp-json\/wp\/v2\/posts\/2359\/revisions\/2362"}],"wp:featuredmedia":[{"embeddable":true,"href":"https:\/\/www.lehrcare.de\/en\/wp-json\/wp\/v2\/media\/3148"}],"wp:attachment":[{"href":"https:\/\/www.lehrcare.de\/en\/wp-json\/wp\/v2\/media?parent=2359"}],"wp:term":[{"taxonomy":"category","embeddable":true,"href":"https:\/\/www.lehrcare.de\/en\/wp-json\/wp\/v2\/categories?post=2359"},{"taxonomy":"post_tag","embeddable":true,"href":"https:\/\/www.lehrcare.de\/en\/wp-json\/wp\/v2\/tags?post=2359"}],"curies":[{"name":"wp","href":"https:\/\/api.w.org\/{rel}","templated":true}]}}