{"id":2308,"date":"2022-05-06T07:22:48","date_gmt":"2022-05-06T05:22:48","guid":{"rendered":"https:\/\/www.lehrcare.de\/blog\/?p=2308"},"modified":"2022-05-06T07:25:52","modified_gmt":"2022-05-06T05:25:52","slug":"podcasts-fuer-lehrkraefte-stand-mai-2022","status":"publish","type":"post","link":"https:\/\/www.lehrcare.de\/en\/podcasts-fuer-lehrkraefte-stand-mai-2022\/","title":{"rendered":"13 Podcasts f\u00fcr Lehrkr\u00e4fte (Stand: Mai 2022)"},"content":{"rendered":"<p>Ob qualifizierter Austausch unter Fachleuten, zwanglose Plaudereien \u00fcber vordefinierte Themen oder Wissensvermittlung: Podcasts erfreuen sich wachsender Beliebtheit. Neben von Lehrkr\u00e4ften produzierten Podcasts, beispielsweise \u00fcber eigene Schulerlebnisse oder methodische Erfahrungen, kann die Produktion eines Podcasts auch Bestandteil des Unterrichts sein. <\/p>\n\n\n\n<h3 class=\"wp-block-heading\">Rund um Schulalltag, Unterricht und Lehrer*innenberuf <\/h3>\n\n\n\n<p><strong><a href=\"https:\/\/www.podcast.de\/podcast\/633093\/\" target=\"_blank\" rel=\"noreferrer noopener\" title=\"Frau Bachmayer packt aus!\">Frau Bachmayer packt aus!<\/a> <\/strong>Frau Bachmayer und Herr M\u00fcller sind zwar fiktive Namen, die dahinterstehenden Lehrkr\u00e4fte existieren jedoch real \u2013 und sie reden Tacheles \u00fcber all das, was sonst nur hinter den verschlossenen T\u00fcren der Lehrerzimmer diskutiert wird. Ein Podcast von Antenne Niedersachsen.<\/p>\n\n\n\n<p><strong><a href=\"https:\/\/anchor.fm\/Lauschcafe\" target=\"_blank\" rel=\"noreferrer noopener\" title=\"Lauschcaf\u00e9: \">Lauschcaf\u00e9: <\/a><\/strong>Podcast-Macher und Lehrer Tim Kantereit bewegt sich sehr souver\u00e4n im digitalen Raum und den Sozialen Medien. Mit unterschiedlichsten Menschen f\u00fchrt er \u201eGespr\u00e4che \u00fcber Bildung in der digitalisierten Welt\u201c. Oft kommen angehende Lehrkr\u00e4fte und Referendare zu Wort. Vermittelt wird ein durchweg positiver, neugierig machender Zugang zur Bereicherung des Unterrichts mit digitalen Mitteln.<\/p>\n\n\n\n<p><strong><a href=\"https:\/\/open.spotify.com\/show\/1eXDuqJenDSjAOKnzsfcR3\" target=\"_blank\" rel=\"noreferrer noopener\" title=\"Lehrerinnen-Momente Podcast:\">Lehrerinnen-Momente Podcast:<\/a><\/strong> Dieser Podcast, produziert von Lehrerin Daniela, vermittelt zahlreiche Erfahrungen und Tipps direkt aus dem Schulalltag. Ein besonderer Fokus liegt auf dem Spagat zwischen der Rolle als Mutter sowie als Lehrerin.&nbsp;<\/p>\n\n\n\n<p><strong><a href=\"https:\/\/r8ut13.podcaster.de\/\" target=\"_blank\" rel=\"noreferrer noopener\" title=\"Netzlehrer\">Netzlehrer:<\/a><\/strong> Hinter \u201eNetzlehrer\u201c verbirgt sich der Podcast von Blogger Bob Blume, der Anfang 2022 als \u201eBlogger des Jahres\u201c ausgezeichnet wurde. Urspr\u00fcnglich gestartet als ein Podcast f\u00fcr Referendare und Lehramtsstudierende, widmet sich dieser Podcast mittlerweile einem neuen Schwerpunkt: digitale Transformation und Digitalkultur im Bereich Schule. Selbstverst\u00e4ndlich spricht er noch immer auch angehende Lehrkr\u00e4fte an.<\/p>\n\n\n\n<p><a href=\"http:\/\/lockerlehrer.de\/podcast\/\" target=\"_blank\" rel=\"noreferrer noopener\" title=\"Locker Lehrer\"><strong>Locker Lehrer:<\/strong> <\/a>Dieser Podcast tr\u00e4gt den Untertitel \u201eDer positive Lehrerpodcast\u201c, denn er m\u00f6chte mit konstruktiven Tipps und Hilfestellungen f\u00fcr ein (psychisches) Gleichgewicht der Lehrerinnen und Lehrer sorgen. Ein Fokus liegt dabei auf Themen wie: Kraft tanken, Selbstbewusstsein st\u00e4rken, bewusst abgrenzen oder Ruheinseln schaffen inmitten stressiger Phasen. <\/p>\n\n\n\n<h3 class=\"wp-block-heading\">Rund um Schule, Bildung, Bildungspolitik<\/h3>\n\n\n\n<p><strong><a href=\"https:\/\/www.podcast.de\/podcast\/2547672\/sitzenbleiben\" target=\"_blank\" rel=\"noreferrer noopener\" title=\"Sitzenbleiben: \">Sitzenbleiben: <\/a><\/strong>Anders als die meisten Schul- und Bildungs-Podcasts wendet sich dieser H\u00f6rreihe an Eltern und Erziehungsberechtigte. Es geht vorrangig um das Lernen an sich sowie das individuelle Lernverhalten von Kindern und Jugendlichen. Herausgeber ist das DIPF | Leibniz-Institut f\u00fcr Bildungsforschung und Bildungsinformation.<\/p>\n\n\n\n<p><a href=\"https:\/\/news4teachers.buzzsprout.com\/\" target=\"_blank\" rel=\"noreferrer noopener\"><strong>Doppelstunde:<\/strong> <\/a>In diesem Podcast besch\u00e4ftigt sich der Lehrer Florian Nuxoll mit Ideen zu und der Umsetzung von digitalen Praktiken im Unterricht. Dabei beh\u00e4lt er stets auch ein kritisches Auge.<\/p>\n\n\n\n<p><strong><a href=\"https:\/\/kuechentalk.podcaster.de\/\" target=\"_blank\" rel=\"noreferrer noopener\" title=\"K\u00fcchenTalk \u2013 der Podcast f\u00fcr Bildungsaktivist*innen:\">K\u00fcchenTalk \u2013 der Podcast f\u00fcr Bildungsaktivist*innen:<\/a><\/strong> K\u00fcchenTalk l\u00e4dt wechselnde Gespr\u00e4chspartner, darunter u.a. eine B\u00fcrgermeisterin, ein Lehrer und D64-Vorstand, Personen aus der Lehrerbildung, ein Medienp\u00e4dagoge und ein Inklusionsaktivist ein. Das Ziel: Impulse geben f\u00fcr zeitgem\u00e4\u00dfes, zukunftsorientiertes, vernetztes Lernen, als Grundlage f\u00fcr eine offene, demokratische und von Nachhaltigkeit gepr\u00e4gte Gesellschaft.<\/p>\n\n\n\n<p><strong><a href=\"https:\/\/www.youtube.com\/watch?v=XO350y1MA1g\" target=\"_blank\" rel=\"noreferrer noopener\" title=\"Hochbegabung in der Schule: \">Hochbegabung in der Schule: <\/a><\/strong>Wie \u00e4u\u00dfert sich Hochbegabung und wie wird sie diagnostiziert? Gibt es verschiedene Arten von Hochbegabung? Welche Rolle spielen Lehrkr\u00e4fte dabei? Und was m\u00fcssen vor allem angehende Lehrkr\u00e4fte \u00fcber das Thema wissen?<\/p>\n\n\n\n<p><a href=\"https:\/\/www.podcast.de\/podcast\/538585\/der-vorbild-schule-podcast\" target=\"_blank\" rel=\"noreferrer noopener\" title=\"Vorbild-Schule: \"><strong>Vorbild-Schule:<\/strong> <\/a>In Interviews l\u00e4sst dieser Podcast engagierte Lehrerinnen und Lehrer zur Sprache kommen, die aus ihrer Schule eine Vorbildschule machen m\u00f6chten. Jede Episode widmet sich einem Interviewpartner und dessen Ans\u00e4tzen.<\/p>\n\n\n\n<p><a href=\"https:\/\/soundcloud.com\/user-736505766\" target=\"_blank\" rel=\"noreferrer noopener\" title=\"Podcast Lehrerb\u00fcro: \"><strong>Podcast Lehrerb\u00fcro:<\/strong> <\/a>Herausgegeben wird dieser Podcast von der Redaktion des Online-Portals Lehrerb\u00fcro. In kurzen, maximal zehnmin\u00fctigen Podcast-Folgen kommen Akteure rund um Unterricht, Schulalltag und Lehrerberuf und Bildung zu Wort.<\/p>\n\n\n\n<p><a href=\"https:\/\/digitale-schule.blog\/podcast\/\" target=\"_blank\" rel=\"noreferrer noopener\" title=\"Digitale Schule kompakt: \"><strong>Digitale Schule kompakt:<\/strong> <\/a>Ein Podcast von und f\u00fcr die, die sich t\u00e4glich mit digitalen Lehr- und Lernformen auseinandersetzen, produziert von den Macher*innen des Magazins Digitale Schule kompakt. Zu Wort kommen einmal monatlich G\u00e4ste unterschiedlicher Profession: von engagierten Lehrkr\u00e4ften \u00fcber Vertreter aus Bildungspolitik, Verlagen oder IT.<\/p>\n\n\n\n<p><a href=\"https:\/\/podcast.kiehl.de\/\" target=\"_blank\" rel=\"noreferrer noopener\" title=\"Lernbar \u2013 der Berufsschulpodcast: \"><strong>Lernbar \u2013 der Berufsschulpodcast:<\/strong> <\/a>Ein Podcast speziell f\u00fcr Berufsschule und berufliche Bildung. Thematisiert werden unter anderem Themen wie: Ausbildung im digitalen Zeitalter, Azubi-Recruiting, Rolle von Ausbildern jetzt und in Zukunft.<\/p>\n\n\n\n<p><strong>Tipp: <\/strong>F\u00fcr die gezielte Suche nach Podcasts \u2013 auch nach Themenbereichen und Stichworten \u2013 empfiehlt sich das Portal <a href=\"https:\/\/www.podcast.de\/\" target=\"_blank\" rel=\"noreferrer noopener\" title=\"www.podcast.de\">https:\/\/www.podcast.de\/<\/a>. Es liefert zudem einen Einblick in die Funktionsweise von Podcasts. \u00dcberdies geben die meisten Rundfunkanstalten, TV-Sender, Streaming-Dienste sowie Magazine und Zeitungen mittlerweile eigene Podcast-Reihen heraus.<\/p>","protected":false},"excerpt":{"rendered":"<p>Ob qualifizierter Austausch unter Fachleuten, zwanglose Plaudereien \u00fcber vordefinierte Themen oder Wissensvermittlung: Podcasts erfreuen sich wachsender Beliebtheit. Neben von Lehrkr\u00e4ften produzierten Podcasts, beispielsweise \u00fcber eigene Schulerlebnisse oder methodische Erfahrungen, kann die Produktion eines Podcasts auch Bestandteil des Unterrichts sein. <\/p>","protected":false},"author":8,"featured_media":0,"comment_status":"open","ping_status":"open","sticky":false,"template":"","format":"standard","meta":{"footnotes":""},"categories":[175,180],"tags":[63,842,969,970,971],"class_list":["post-2308","post","type-post","status-publish","format-standard","hentry","category-foren-und-plattformen-fur-lehrkraefte","category-links-tipps","tag-lehrerberuf","tag-podcast","tag-podcasts","tag-lehrerpodcast","tag-schulpodcast"],"aioseo_notices":[],"publishpress_future_action":{"enabled":false,"date":"2026-05-08 09:17:36","action":"change-status","newStatus":"draft","terms":[],"taxonomy":"category","extraData":[]},"publishpress_future_workflow_manual_trigger":{"enabledWorkflows":[]},"_links":{"self":[{"href":"https:\/\/www.lehrcare.de\/en\/wp-json\/wp\/v2\/posts\/2308","targetHints":{"allow":["GET"]}}],"collection":[{"href":"https:\/\/www.lehrcare.de\/en\/wp-json\/wp\/v2\/posts"}],"about":[{"href":"https:\/\/www.lehrcare.de\/en\/wp-json\/wp\/v2\/types\/post"}],"author":[{"embeddable":true,"href":"https:\/\/www.lehrcare.de\/en\/wp-json\/wp\/v2\/users\/8"}],"replies":[{"embeddable":true,"href":"https:\/\/www.lehrcare.de\/en\/wp-json\/wp\/v2\/comments?post=2308"}],"version-history":[{"count":9,"href":"https:\/\/www.lehrcare.de\/en\/wp-json\/wp\/v2\/posts\/2308\/revisions"}],"predecessor-version":[{"id":2317,"href":"https:\/\/www.lehrcare.de\/en\/wp-json\/wp\/v2\/posts\/2308\/revisions\/2317"}],"wp:attachment":[{"href":"https:\/\/www.lehrcare.de\/en\/wp-json\/wp\/v2\/media?parent=2308"}],"wp:term":[{"taxonomy":"category","embeddable":true,"href":"https:\/\/www.lehrcare.de\/en\/wp-json\/wp\/v2\/categories?post=2308"},{"taxonomy":"post_tag","embeddable":true,"href":"https:\/\/www.lehrcare.de\/en\/wp-json\/wp\/v2\/tags?post=2308"}],"curies":[{"name":"wp","href":"https:\/\/api.w.org\/{rel}","templated":true}]}}