{"id":2260,"date":"2022-03-18T10:43:04","date_gmt":"2022-03-18T08:43:04","guid":{"rendered":"https:\/\/www.lehrcare.de\/blog\/?p=2260"},"modified":"2023-12-14T10:53:33","modified_gmt":"2023-12-14T09:53:33","slug":"lehrkraeftegesundheit-programme-und-projekte","status":"publish","type":"post","link":"https:\/\/www.lehrcare.de\/en\/lehrkraeftegesundheit-programme-und-projekte\/","title":{"rendered":"Lehrkr\u00e4ftegesundheit: Programme und Projekte (Stand: M\u00e4rz 2022)"},"content":{"rendered":"<p>Seit Beginn der Corona-Pandemie hat sich der Befund zur Gesundheit der Lehrerinnen und Lehrer hierzulande gravierend verschlechtert, so das Fazit der <a href=\"https:\/\/www.dak.de\/dak\/download\/ergebnisbericht-2389012.pdf\" title=\"DAK-Studie \u201eStimmungsbild: Lehrergesundheit in der Corona-Pandemie\u201c\" target=\"_blank\" rel=\"noreferrer noopener\">DAK-Studie \u201eStimmungsbild: Lehrergesundheit in der Corona-Pandemie\u201c<\/a> aus dem Jahr 2020. Jede vierte Lehrkraft ist demnach Burnout-gef\u00e4hrdet. Zu den weiteren Belastungen von Lehrkr\u00e4ften geh\u00f6ren Ersch\u00f6pfungszust\u00e4nde, Kopfschmerzen, erh\u00f6hte Reizbarkeit bis hin zu massiven psychischen St\u00f6rungen sowie Depressionen. Die Gesundheit des Lehrpersonals r\u00fcckt daher immer mehr in den Fokus des Interesses.<\/p>\n\n\n\n<h3 class=\"wp-block-heading\">Materialien und Anlaufstellen<\/h3>\n\n\n\n<p>Die Kultusministerkonferenz hat bereits 2012 umfangreiche <a href=\"https:\/\/www.kmk.org\/fileadmin\/Dateien\/veroeffentlichungen_beschluesse\/2012\/2012_11_15-Gesundheitsempfehlung.pdf\" title=\"\u201eEmpfehlungen zur Gesundheitsf\u00f6rderung und Pr\u00e4vention in der Schule\u201c\" target=\"_blank\" rel=\"noreferrer noopener\">\u201eEmpfehlungen zur Gesundheitsf\u00f6rderung und Pr\u00e4vention in der Schule\u201c<\/a> herausgegeben. Zudem gibt es diverse l\u00e4nderspezifische Programme \u2013 sowohl pr\u00e4ventiver als auch therapeutischer Art. Nicht zuletzt haben sich auch einige kommerzielle Anbieter auf die Erhaltung bzw. Wiederherstellung der Gesundheit von Lehrkr\u00e4ften spezialisiert. Ein \u00dcberblick.<\/p>\n\n\n\n<h4 class=\"wp-block-heading\">Baden-Wuerttemberg<\/h4>\n\n\n\n<ul class=\"wp-block-list\">\n<li><a href=\"http:\/\/www.arbeitsschutz-schule-bw.de\" target=\"_blank\" rel=\"noreferrer noopener\" title=\"Informationsportal zum Arbeits- und Gesundheitsschutz\">Informationsportal zum Arbeits- und Gesundheitsschutz<\/a> f\u00fcr Lehrkr\u00e4fte in Baden-W\u00fcrttemberg<\/li>\n\n\n\n<li><a href=\"https:\/\/lehrerfortbildung-bw.de\/st_lehrgesund\/\" target=\"_blank\" rel=\"noreferrer noopener\" title=\"Programm zur Lehrergesundheit\">Programm zur Lehrergesundheit<\/a> des Bildungsservers Baden-W\u00fcrttemberg<\/li>\n<\/ul>\n\n\n\n<h4 class=\"wp-block-heading\">Bremen<\/h4>\n\n\n\n<ul class=\"wp-block-list\">\n<li><a href=\"http:\/\/www.lis.bremen.de\/fortbildung\/gesundheitsfoerderung-7557\" target=\"_blank\" rel=\"noreferrer noopener\" title=\"Portal zur Gesundheitsf\u00f6rderung\">Portal zur Gesundheitsf\u00f6rderung<\/a> des Landesinstituts f\u00fcr Schule in Bremen<\/li>\n<\/ul>\n\n\n\n<h4 class=\"wp-block-heading\">Hamburg<\/h4>\n\n\n\n<ul class=\"wp-block-list\">\n<li><a href=\"http:\/\/www.hamburg.de\/bsb\/gesundheitsmanagement\/\" target=\"_blank\" rel=\"noreferrer noopener\" title=\"Gesundheitsf\u00f6rderung \">Gesundheitsf\u00f6rderung <\/a>auf den Seiten der Beh\u00f6rde f\u00fcr Schule und Berufsbildung Hamburg (BSB)<\/li>\n<\/ul>\n\n\n\n<h4 class=\"wp-block-heading\">Hesse<\/h4>\n\n\n\n<ul class=\"wp-block-list\">\n<li><a href=\"http:\/\/schuleundgesundheit.hessen.de\/themen\/arbeitsschutz-arbeitssicherheit-gesundheitsschutz.html\" target=\"_blank\" rel=\"noreferrer noopener\" title=\"Portal zu Schule &amp; Gesundheit\">Portal zu Schule &amp; Gesundheit<\/a> \u2013 Gesundheitsf\u00f6rderung des Kultusministeriums Hessen<\/li>\n<\/ul>\n\n\n\n<h4 class=\"wp-block-heading\">Mecklenburg-Western Pomerania<\/h4>\n\n\n\n<ul class=\"wp-block-list\">\n<li><a href=\"http:\/\/www.bildung-mv.de\/lehrer\/lehrergesundheit\/index.html\" target=\"_blank\" rel=\"noreferrer noopener\" title=\"Lehrergesundheit \">Lehrergesundheit <\/a>&#8211; Betriebliches Gesundheitsmanagement an den \u00f6ffentlichen Schulen in MV<\/li>\n<\/ul>\n\n\n\n<h4 class=\"wp-block-heading\">North Rhine-Westphalia<\/h4>\n\n\n\n<ul class=\"wp-block-list\">\n<li><a href=\"https:\/\/www.schulministerium.nrw.de\/docs\/bp\/Lehrer\/Lehrkraft-sein\/Arbeits-und-Gesundheitsschutz\/index.html\" target=\"_blank\" rel=\"noreferrer noopener\" title=\"Portal \u201eArbeits- und Gesundheitsschutz\u201c\">Portal \u201eArbeits- und Gesundheitsschutz\u201c<\/a> auf den Seiten des Schulministeriums NRW<\/li>\n\n\n\n<li><a href=\"https:\/\/www.bug-nrw.de\/arbeitsfelder\/lehrergesundheit\/\" target=\"_blank\" rel=\"noreferrer noopener\" title=\"Landesprogramm Bildung und Gesundheit NRW\">Landesprogramm Bildung und Gesundheit NRW<\/a><\/li>\n<\/ul>\n\n\n\n<h4 class=\"wp-block-heading\">Rhineland-Palatinate<\/h4>\n\n\n\n<ul class=\"wp-block-list\">\n<li><a href=\"http:\/\/gesundheitsfoerderung.bildung-rp.de\/lehrergesundheit.html\" target=\"_blank\" rel=\"noreferrer noopener\" title=\"Lehrergesundheit \">Lehrergesundheit <\/a>auf dem Bildungsserver des Landes Rheinland-Pfalz<\/li>\n\n\n\n<li><a href=\"https:\/\/www.unimedizin-mainz.de\/ifl\/startseite.html\" target=\"_blank\" rel=\"noreferrer noopener\" title=\"Institut f\u00fcr Lehrergesundheit\">Institut f\u00fcr Lehrergesundheit<\/a><\/li>\n<\/ul>\n\n\n\n<h4 class=\"wp-block-heading\">Saxony<\/h4>\n\n\n\n<ul class=\"wp-block-list\">\n<li><a href=\"http:\/\/www.zags-dresden.de\/\" target=\"_blank\" rel=\"noreferrer noopener\" title=\"ZAGS (Zentrum f\u00fcr Arbeit und Gesundheit Sachsen)\">ZAGS (Zentrum f\u00fcr Arbeit und Gesundheit Sachsen)<\/a> in Zusammenarbeit mit dem Landesamt f\u00fcr Schule und Bildung<\/li>\n<\/ul>\n\n\n\n<h4 class=\"wp-block-heading\">Saxony-Anhalt<\/h4>\n\n\n\n<ul class=\"wp-block-list\">\n<li><a href=\"http:\/\/www.landesschulamt.sachsen-anhalt.de\/behoerde\/lehrerpersonalien\/lehrergesundheit\/\" target=\"_blank\" rel=\"noreferrer noopener\" title=\"Lehrergesundheit \">Lehrergesundheit <\/a>auf den Seiten des Landesschulamts Sachsen-Anhalt<\/li>\n\n\n\n<li><a href=\"https:\/\/www.bildung-lsa.de\/schule\/arbeitsschutz_und_gesundheitsmanagement.html#art20157\" target=\"_blank\" rel=\"noreferrer noopener\" title=\"Arbeitsschutz und Gesundheitsmanagement\">Arbeitsschutz und Gesundheitsmanagement<\/a> &#8211; Bildungsserver Sachsen-Anhalt<\/li>\n<\/ul>\n\n\n\n<h4 class=\"wp-block-heading\">Schleswig-Holstein<\/h4>\n\n\n\n<ul class=\"wp-block-list\">\n<li><a href=\"http:\/\/www.schleswig-holstein.de\/DE\/Themen\/G\/gesundheit_lehrer.html\" target=\"_blank\" rel=\"noreferrer noopener\" title=\"Portal Lehrkr\u00e4ftegesundheit \">Portal Lehrkr\u00e4ftegesundheit <\/a>auf den Seiten der Landesregierung<\/li>\n<\/ul>\n\n\n\n<h4 class=\"wp-block-heading\">Thuringia<\/h4>\n\n\n\n<ul class=\"wp-block-list\">\n<li>\u201eGute Gesunde Schule\u201c \u2013 <a href=\"https:\/\/www.schulportal-thueringen.de\/gute-gesunde-schule\" target=\"_blank\" rel=\"noreferrer noopener\" title=\"Th\u00fcringer Schulportal\">Th\u00fcringer Schulportal<\/a><\/li>\n\n\n\n<li>Portal \u201cGut geht\u2019s\u201c des <a href=\"https:\/\/bildung.thueringen.de\/lehrkraefte\/gut-gehts\" target=\"_blank\" rel=\"noreferrer noopener\" title=\"Th\u00fcringer Bildungsministeriums\">Th\u00fcringer Bildungsministeriums<\/a><\/li>\n<\/ul>\n\n\n\n<h3 class=\"wp-block-heading\">Trainings von kommerziellen Anbietern<\/h3>\n\n\n\n<ul class=\"wp-block-list\">\n<li>Das Portal <a href=\"https:\/\/www.lehrergesundheit.eu\/index.php\" target=\"_blank\" rel=\"noreferrer noopener\" title=\"Lehrergesundheit.eu\">Lehrergesundheit.eu<\/a> wird betrieben von einem interdisziplin\u00e4ren Zusammenschluss mehrerer Wissenschaftler der Leuphana Universit\u00e4t L\u00fcneburg, darunter Psycholog*innen, Sozialp\u00e4dagog*innen und Lehrkr\u00e4fte aus der schulischen Praxis. Das Team bietet verschiedene Trainings, SchilFs, Workshops sowie Coaching an.<\/li>\n\n\n\n<li>Die <a href=\"https:\/\/www.raabe-akademie.de\/themen\/lehrergesundheit-selbstorganisation\/?gclid=CjwKCAiAyPyQBhB6EiwAFUuakjsOySw9LN40PfjY6t9mMN3Kd_d7x9w4mJf-7uXA1FKWzfBj9mbzyBoCmMwQAvD_BwE\" target=\"_blank\" rel=\"noreferrer noopener\" title=\"Raabe Akademie\">Raabe Akademie<\/a> bietet sowohl schulinterne als auch Online-Lehrerfortbildungen zu spezifischen Themen rund um die Lehrergesundheit. Dazu geh\u00f6ren beispielsweise Stressbew\u00e4ltigung, Zeitmanagement, Konflikttraining, Mobbing-Pr\u00e4vention.<\/li>\n\n\n\n<li>Auf der Website des <a href=\"https:\/\/www.cornelsen.de\/magazin\" target=\"_blank\" rel=\"noreferrer noopener\" title=\"Cornelsen Verlags\">Cornelsen Verlags<\/a> widmet sich das Magazin Themen rund um Lehreralltag und Lehrergesundheit. Es gibt Anregungen zur Bew\u00e4ltigung der t\u00e4glichen Anforderungen, versorgt Lehrkr\u00e4fte mit Hintergrundinformationen, vermittelt Achtsamkeits\u00fcbungen und gibt Literaturtipps.<\/li>\n\n\n\n<li><a href=\"http:\/\/www.agil-lehrergesundheit.de\/\" target=\"_blank\" rel=\"noreferrer noopener\" title=\"AGIL \">AGIL <\/a>ist ein wissenschaftlich fundiertes Training zur Gesundheitsf\u00f6rderung f\u00fcr Lehrerinnen und Lehrer. Dabei steht \u201eAGIL\u201c f\u00fcr \u201eArbeit und Gesundheit im Lehrerberuf\u201c.<\/li>\n<\/ul>\n\n\n\n<p><\/p>","protected":false},"excerpt":{"rendered":"<p>Nicht erst seit der Pandemie gilt: Burnout sowie andere organische und psychische Erkrankungen treten in den Lehrberufen geh\u00e4uft auf. Zahlreiche Programme der Bundesl\u00e4nder k\u00fcmmern sich daher um die Lehrkr\u00e4ftegesundheit. Ein \u00dcberblick.<\/p>","protected":false},"author":8,"featured_media":0,"comment_status":"open","ping_status":"open","sticky":false,"template":"","format":"standard","meta":{"footnotes":""},"categories":[119,175,176,178,180],"tags":[132,228,245,264,273,275,1014,1015,1016],"class_list":["post-2260","post","type-post","status-publish","format-standard","hentry","category-der_lehrerberuf","category-foren-und-plattformen-fur-lehrkraefte","category-infoseiten","category-fortbildungseinrichtungen-fur-lehrkraefte","category-links-tipps","tag-schule","tag-unterricht","tag-burnout","tag-pravention","tag-lehrergesundheit","tag-gesunderhaltung","tag-stresspraevention","tag-lehrkraeftegesundheit","tag-stressbewaeltigung"],"aioseo_notices":[],"publishpress_future_action":{"enabled":false,"date":"2026-05-02 09:55:08","action":"change-status","newStatus":"draft","terms":[],"taxonomy":"category","extraData":[]},"publishpress_future_workflow_manual_trigger":{"enabledWorkflows":[]},"_links":{"self":[{"href":"https:\/\/www.lehrcare.de\/en\/wp-json\/wp\/v2\/posts\/2260","targetHints":{"allow":["GET"]}}],"collection":[{"href":"https:\/\/www.lehrcare.de\/en\/wp-json\/wp\/v2\/posts"}],"about":[{"href":"https:\/\/www.lehrcare.de\/en\/wp-json\/wp\/v2\/types\/post"}],"author":[{"embeddable":true,"href":"https:\/\/www.lehrcare.de\/en\/wp-json\/wp\/v2\/users\/8"}],"replies":[{"embeddable":true,"href":"https:\/\/www.lehrcare.de\/en\/wp-json\/wp\/v2\/comments?post=2260"}],"version-history":[{"count":4,"href":"https:\/\/www.lehrcare.de\/en\/wp-json\/wp\/v2\/posts\/2260\/revisions"}],"predecessor-version":[{"id":245642,"href":"https:\/\/www.lehrcare.de\/en\/wp-json\/wp\/v2\/posts\/2260\/revisions\/245642"}],"wp:attachment":[{"href":"https:\/\/www.lehrcare.de\/en\/wp-json\/wp\/v2\/media?parent=2260"}],"wp:term":[{"taxonomy":"category","embeddable":true,"href":"https:\/\/www.lehrcare.de\/en\/wp-json\/wp\/v2\/categories?post=2260"},{"taxonomy":"post_tag","embeddable":true,"href":"https:\/\/www.lehrcare.de\/en\/wp-json\/wp\/v2\/tags?post=2260"}],"curies":[{"name":"wp","href":"https:\/\/api.w.org\/{rel}","templated":true}]}}