{"id":2144,"date":"2021-07-01T09:36:00","date_gmt":"2021-07-01T07:36:00","guid":{"rendered":"https:\/\/www.lehrcare.de\/blog\/?p=2144"},"modified":"2021-06-29T09:40:55","modified_gmt":"2021-06-29T07:40:55","slug":"umgang-mit-antisemitismus-an-schulen","status":"publish","type":"post","link":"https:\/\/www.lehrcare.de\/en\/umgang-mit-antisemitismus-an-schulen\/","title":{"rendered":"Umgang mit Antisemitismus an Schulen"},"content":{"rendered":"<p>In den letzten Jahren verzeichnen Lehrerinnen und Lehrer einen Anstieg antisemitischer \u00c4u\u00dferungen und Handlungen an Schulen. Auch die Gewerkschaft Erziehung und Wissenschaft (GEW) berichtet von einer solchen Tendenz. Gleichzeitig sind die Themen Holocaust und j\u00fcdisches Leben im Unterricht immer weniger pr\u00e4sent, sodass Experten von einem augenf\u00e4lligen Zusammenhang zwischen mangelndem Wissen \u00fcber die j\u00fcdische Religion, Kultur und den Alltag und antisemitischen \u00c4u\u00dferungen sprechen. Unterf\u00fcttert wird diese Entwicklung zum einen von Gewalteskalationen in Nahost sowie von verbalen Eskalationen in den sozialen Medien. <\/p>\n\n\n\n<h5 class=\"wp-block-heading\"><strong>Wissenschaftliche Untersuchung<\/strong><\/h5>\n\n\n\n<p>Um individuelle Beobachtungen mit belegbaren Fakten und Zahlen zu untermauern, haben Forscher der Ruhr-Universit\u00e4t Bochum eine <a href=\"https:\/\/news.rub.de\/hochschulpolitik\/2020-09-01-neues-forschungsprojekt-gemeinsam-gegen-antisemitismus\" target=\"_blank\" rel=\"noreferrer noopener\" title=\"Studie \u201eAntisemitismus als soziales Ph\u00e4nomen in der Institution Schule\u201c\">empirische Studie<\/a> in Form von Unterrichtsbeobachtungen aufgesetzt. Von November 2020 bis Fr\u00fchjahr 2021 untersuchten sie hierf\u00fcr den Schulunterricht an sechs Berufskollegs, Gesamtschulen und Gymnasien im st\u00e4dtischen und l\u00e4ndlichen Bereich Nordrhein-Westfalens. Ihr Fazit: Antisemitismus wird meist durch Unwissenheit \u00fcber die j\u00fcdische Religion und j\u00fcdisches Leben gespeist. So betont Karim Fereidooni, Leiter der Studie: \u201eAntisemitismus hat nichts mit realen Juden und J\u00fcdinnen zu tun, Antisemitismus ist ein Phantasma \u00fcber j\u00fcdische Menschen.\u201c Derzeit erfolgt die Auswertung der Studie und die Planung von Konsequenzen daraus. So sollen beispielsweise Unterrichtsmaterialien und Fortbildungsma\u00dfnahmen f\u00fcr Lehrkr\u00e4fte erarbeitet werden. <\/p>\n\n\n\n<h5 class=\"wp-block-heading\"><strong>Projekte, Initiativen und weiterf\u00fchrende Informationen zum Thema Antisemitismus<\/strong><\/h5>\n\n\n\n<p>Folgende Anlaufstellen und Materialien bieten Lehrkr\u00e4ften weiterf\u00fchrende Informationen zum Thema j\u00fcdisches Leben sowie Antisemitismus:<\/p>\n\n\n\n<ul class=\"wp-block-list\"><li>Die Initiative <a href=\"https:\/\/www.meetajew.de\/\" target=\"_blank\" rel=\"noreferrer noopener\" title=\"Initiative &quot;Meet a Jew&quot;\">Meet a Jew<\/a> erm\u00f6glicht Begegnungen zwischen christlichen und j\u00fcdischen Jugendlichen im schulischen Rahmen. Dabei geht es vor allem darum, Einblicke in den Alltag von Menschen j\u00fcdischen Glaubens zu erhalten.<\/li><li><a href=\"https:\/\/www.kmk.org\/fileadmin\/Dateien\/pdf\/PresseUndAktuelles\/2021\/2021_06_10-Gem-Empfehlung-Antisemitismus.pdf\" target=\"_blank\" rel=\"noreferrer noopener\" title=\"Empfehlung der KMK\">Empfehlung <\/a>der KMK, des Zentralrats der Juden in Deutschland und der Bund-L\u00e4nder-Kommission der Antisemitismusbeauftragten zum Umgang mit Antisemitismus in der Schule (vom 10.06.2021) <\/li><li><a href=\"https:\/\/www.uni-bielefeld.de\/fakultaeten\/erziehungswissenschaft\/zpi\/projekte\/antisemitismus-gangsta-rap\/\" target=\"_blank\" rel=\"noreferrer noopener\" title=\"Studie &quot;Antisemitismus im Gangsta-Rap&quot;\">Studie <\/a>\u201eAntisemitismus im Gangsta Rap und M\u00f6glichkeiten der Pr\u00e4vention\u201c, durchgef\u00fchrt von der Uni Bielefeld<\/li><li><a href=\"https:\/\/www.bpb.de\/politik\/extremismus\/antisemitismus\/37944\/was-heisst-antisemitismus\" target=\"_blank\" rel=\"noreferrer noopener\" title=\"Hintergrundinformationen Antisemitismus\">Hintergrundinformationen Antisemitismus<\/a>, herausgegeben von der Bundeszentrale f\u00fcr politische Bildung <\/li><li><a href=\"https:\/\/2021jlid.de\/\" target=\"_blank\" rel=\"noreferrer noopener\" title=\"Infoportal der Synagogen-Gemeinde K\u00f6ln\">Informations- und Veranstaltungsportal<\/a> der Synagogen-Gemeinde K\u00f6ln: 321\u20132021: 1700 Jahre j\u00fcdisches Leben in Deutschland e.V. <\/li><\/ul>\n\n\n\n<h5 class=\"wp-block-heading\"><\/h5>\n\n\n\n<p><\/p>","protected":false},"excerpt":{"rendered":"<p>In den letzten Jahren verzeichnen Lehrerinnen und Lehrer einen Anstieg antisemitischer \u00c4u\u00dferungen und Handlungen an Schulen. Auch die Gewerkschaft Erziehung und Wissenschaft (GEW) berichtet von einer solchen Tendenz. Gleichzeitig sind die Themen Holocaust und j\u00fcdisches Leben im Unterricht immer weniger pr\u00e4sent, sodass Experten von einem augenf\u00e4lligen Zusammenhang zwischen mangelndem Wissen \u00fcber die j\u00fcdische Religion, Kultur und den Alltag und antisemitischen \u00c4u\u00dferungen sprechen. Unterf\u00fcttert wird diese Entwicklung zum einen von Gewalteskalationen in Nahost sowie von verbalen Eskalationen in den sozialen Medien. <\/p>","protected":false},"author":8,"featured_media":0,"comment_status":"open","ping_status":"open","sticky":false,"template":"","format":"standard","meta":{"footnotes":""},"categories":[175,176,177,180],"tags":[264,973,974],"class_list":["post-2144","post","type-post","status-publish","format-standard","hentry","category-foren-und-plattformen-fur-lehrkraefte","category-infoseiten","category-materialsammlungen-fur-lehrerinnen","category-links-tipps","tag-pravention","tag-antisemitismus","tag-juedisches-leben"],"aioseo_notices":[],"publishpress_future_action":{"enabled":false,"date":"2026-05-02 09:55:09","action":"change-status","newStatus":"draft","terms":[],"taxonomy":"category","extraData":[]},"publishpress_future_workflow_manual_trigger":{"enabledWorkflows":[]},"_links":{"self":[{"href":"https:\/\/www.lehrcare.de\/en\/wp-json\/wp\/v2\/posts\/2144","targetHints":{"allow":["GET"]}}],"collection":[{"href":"https:\/\/www.lehrcare.de\/en\/wp-json\/wp\/v2\/posts"}],"about":[{"href":"https:\/\/www.lehrcare.de\/en\/wp-json\/wp\/v2\/types\/post"}],"author":[{"embeddable":true,"href":"https:\/\/www.lehrcare.de\/en\/wp-json\/wp\/v2\/users\/8"}],"replies":[{"embeddable":true,"href":"https:\/\/www.lehrcare.de\/en\/wp-json\/wp\/v2\/comments?post=2144"}],"version-history":[{"count":6,"href":"https:\/\/www.lehrcare.de\/en\/wp-json\/wp\/v2\/posts\/2144\/revisions"}],"predecessor-version":[{"id":2150,"href":"https:\/\/www.lehrcare.de\/en\/wp-json\/wp\/v2\/posts\/2144\/revisions\/2150"}],"wp:attachment":[{"href":"https:\/\/www.lehrcare.de\/en\/wp-json\/wp\/v2\/media?parent=2144"}],"wp:term":[{"taxonomy":"category","embeddable":true,"href":"https:\/\/www.lehrcare.de\/en\/wp-json\/wp\/v2\/categories?post=2144"},{"taxonomy":"post_tag","embeddable":true,"href":"https:\/\/www.lehrcare.de\/en\/wp-json\/wp\/v2\/tags?post=2144"}],"curies":[{"name":"wp","href":"https:\/\/api.w.org\/{rel}","templated":true}]}}