{"id":211,"date":"2010-12-09T18:57:08","date_gmt":"2010-12-09T16:57:08","guid":{"rendered":"http:\/\/www.lehrcare.de\/blog\/?p=211"},"modified":"2011-11-17T20:01:14","modified_gmt":"2011-11-17T18:01:14","slug":"umschulungen-muessen-auch-im-interesse-von-lehrerinnen-und-lehrern-vollfinanziert-bleiben","status":"publish","type":"post","link":"https:\/\/www.lehrcare.de\/en\/umschulungen-muessen-auch-im-interesse-von-lehrerinnen-und-lehrern-vollfinanziert-bleiben\/","title":{"rendered":"Umschulungen muessen auch im Interesse von Lehrerinnen und Lehrern vollfinanziert bleiben!"},"content":{"rendered":"<p>Bisher werden Umschulungen gem. \u00a7 85 (2) SGB III nur gef\u00f6rdert, wenn entweder die Ausbildungszeiten des jeweiligen Berufsbildes um mindestens ein Drittel verk\u00fcrzt werden k\u00f6nnen oder f\u00fcr das dritte Ausbildungsjahr eine Finanzierung unabh\u00e4ngig von einer F\u00f6rderung aus Mitteln der Bundesagentur f\u00fcr Arbeit gesichert ist. Im Bereich der Alten \u2013und Krankenpflege ist diese Finanzierung nur noch bis zum 31.12.2010 sichergestellt. Sollte die Regelung nicht verl\u00e4ngert werden, droht nicht nur eine Versch\u00e4rfung des Fachkr\u00e4ftemangels insbesondere in den Sozial- und Gesundheitsberufen, sondern auch eine Reduzierung der Umschulungsangebote freier Tr\u00e4ger, zum Nachteil der Sch\u00fcler und Lehrkr\u00e4fte.<\/p>\n<p>Um die volle Finanzierung auch k\u00fcnftig sicherzustellen, hat der Verband Deutscher Privatschulverb\u00e4nde e.V. deshalb online eine Petition beim Deutschen Bundestag eingereicht. Ab 50.000 Unterst\u00fctzern besteht die M\u00f6glichkeit, in einer \u00f6ffentlichen Ausschusssitzung zum Thema geh\u00f6rt zu werden. Unterst\u00fctzen Sie die Petition (Pet-ID 14 819) und zeichnen Sie jetzt unter <a href=\"https:\/\/epetitionen.bundestag.de\/\">https:\/\/epetitionen.bundestag.de<br \/>\n<\/a><\/p>","protected":false},"excerpt":{"rendered":"<p>Bisher werden Umschulungen gem. \u00a7 85 (2) SGB III nur gef\u00f6rdert, wenn entweder die Ausbildungszeiten des jeweiligen Berufsbildes um mindestens ein Drittel verk\u00fcrzt werden k\u00f6nnen oder f\u00fcr das dritte Ausbildungsjahr eine Finanzierung unabh\u00e4ngig von einer F\u00f6rderung aus Mitteln der Bundesagentur f\u00fcr Arbeit gesichert ist. Im Bereich der Alten \u2013und Krankenpflege ist diese Finanzierung nur noch [&hellip;]<\/p>","protected":false},"author":1,"featured_media":0,"comment_status":"open","ping_status":"open","sticky":false,"template":"","format":"standard","meta":{"footnotes":""},"categories":[123],"tags":[],"class_list":["post-211","post","type-post","status-publish","format-standard","hentry","category-lc-news"],"aioseo_notices":[],"publishpress_future_action":{"enabled":false,"date":"2026-05-08 10:56:44","action":"change-status","newStatus":"draft","terms":[],"taxonomy":"category","extraData":[]},"publishpress_future_workflow_manual_trigger":{"enabledWorkflows":[]},"_links":{"self":[{"href":"https:\/\/www.lehrcare.de\/en\/wp-json\/wp\/v2\/posts\/211","targetHints":{"allow":["GET"]}}],"collection":[{"href":"https:\/\/www.lehrcare.de\/en\/wp-json\/wp\/v2\/posts"}],"about":[{"href":"https:\/\/www.lehrcare.de\/en\/wp-json\/wp\/v2\/types\/post"}],"author":[{"embeddable":true,"href":"https:\/\/www.lehrcare.de\/en\/wp-json\/wp\/v2\/users\/1"}],"replies":[{"embeddable":true,"href":"https:\/\/www.lehrcare.de\/en\/wp-json\/wp\/v2\/comments?post=211"}],"version-history":[{"count":13,"href":"https:\/\/www.lehrcare.de\/en\/wp-json\/wp\/v2\/posts\/211\/revisions"}],"predecessor-version":[{"id":566,"href":"https:\/\/www.lehrcare.de\/en\/wp-json\/wp\/v2\/posts\/211\/revisions\/566"}],"wp:attachment":[{"href":"https:\/\/www.lehrcare.de\/en\/wp-json\/wp\/v2\/media?parent=211"}],"wp:term":[{"taxonomy":"category","embeddable":true,"href":"https:\/\/www.lehrcare.de\/en\/wp-json\/wp\/v2\/categories?post=211"},{"taxonomy":"post_tag","embeddable":true,"href":"https:\/\/www.lehrcare.de\/en\/wp-json\/wp\/v2\/tags?post=211"}],"curies":[{"name":"wp","href":"https:\/\/api.w.org\/{rel}","templated":true}]}}