{"id":2079,"date":"2021-01-06T04:58:00","date_gmt":"2021-01-06T02:58:00","guid":{"rendered":"https:\/\/www.lehrcare.de\/blog\/?p=2079"},"modified":"2021-01-06T06:46:43","modified_gmt":"2021-01-06T04:46:43","slug":"termine-2021-messen-kongresse-versammlungen-fuer-lehrerinnen-und-lehrer-stand-03-januar-2021","status":"publish","type":"post","link":"https:\/\/www.lehrcare.de\/en\/termine-2021-messen-kongresse-versammlungen-fuer-lehrerinnen-und-lehrer-stand-03-januar-2021\/","title":{"rendered":"Termine 2021: Messen, Kongresse, Versammlungen f\u00fcr Lehrerinnen und Lehrer (Stand: 06. Januar 2021)"},"content":{"rendered":"<p>Welche der wichtigen Veranstaltungen im Bildungssektor finden 2021 statt? Welche sind online geplant, welche verschoben oder abgesagt? Eine erste \u00dcbersicht (ohne Anspruch auf dauerhafte G\u00fcltigkeit).<\/p>\n\n\n\n<p><strong>Learntec Karlsruhe<\/strong><br>Learntec, die Internationale Fachmesse f\u00fcr technologiegest\u00fctztes Lernen, plant f\u00fcr 2021 eine hybride Veranstaltungsform und verschiebt die Veranstaltung daher vom Jahresanfang auf den Sommer. Neben der Vor-Ort-Durchf\u00fchrung mit zertifiziertem Hygienekonzept sind auch digitale Formate und digitale Interaktionen geplant.<br><strong>Termin: 22. \u2013 24. Juni 2021 in Karlsruhe<\/strong><\/p>\n\n\n\n<p><strong>Bildungsmesse Didacta<\/strong><br>Nachdem die Bildungsmesse im letzten Jahr aufgrund von Corona ausfallen musste, ist f\u00fcr die diesj\u00e4hrige didacta eine Vor-Ort-Durchf\u00fchrung in Stuttgart fest geplant. Der urspr\u00fcnglich angedachte Termin im M\u00e4rz wurde jedoch coronabedingt gestrichen. Aktuell pr\u00fcfen die Veranstalter, ob eine Durchf\u00fchrung im Mai 2021 machbar ist. Gegliedert ist die Messe wie immer in die Ausstellungsbereiche Fr\u00fche Bildung, Schule\/Hochschule, Berufliche Bildung\/Qualifizierung und Didacta Digital. Zudem gibt es rund 1.500 Vortragsangebote.<br><strong>Termin: Mai 2021 (geplant) in Stuttgart<\/strong><\/p>\n\n\n\n<p><strong>Fokus Bildung auf der Leipziger Buchmesse<\/strong><br>Der Programmbereich Fokus Bildung der Leipziger Buchmesse richtet sich speziell an Lehrkr\u00e4fte und Erzieherinnen bzw. Erzieher. Neben einer Ausstellung von Lehr- und Lernmedien gilt ein Schwerpunkt den Themen Lesef\u00f6rderung und Medienbildung. Die Messe hat f\u00fcr die Vor-Ort-Durchf\u00fchrung ein Hygienekonzept erarbeitet und genehmigen lassen.<br><strong>Termin: 27. \u2013 30. Mai 2021 in Leipzig<\/strong><\/p>\n\n\n\n<p><strong>Deutscher Lehrertag auf der Leipziger Buchmesse<\/strong><br>Unter dem Motto \u201eGute Bildung mitgestalten\u201c ist die Leipziger Buchmesse Gastgeber des Deutschen Lehrertags 2021. Angeboten wird eine Vielzahl von Einzelveranstaltungen zur pers\u00f6nlichen und fachlichen Weiterbildung der Lehrkr\u00e4fte. Die Messe hat f\u00fcr die Vor-Ort-Durchf\u00fchrung ein Hygienekonzept erarbeitet und genehmigen lassen.<br><strong>Termin: 29. Mai 2021 in Leipzig<\/strong><\/p>\n\n\n\n<p><strong>Creativa Dortmund<\/strong><br>Die Kreativmesse wartet mit einer Ausstellung aller erdenklicher Bastel-, Mal-, Zeichen-, Werk- und Gestaltungsutensilien auf. F\u00fcr Lehrkr\u00e4fte und Erzieherinnen bzw. Erzieher gibt es zahlreiche Workshops und Vortr\u00e4ge. Aufgrund der Corona-Entwicklungen wurde die sonst im Fr\u00fchjahr stattfindende Messe nun in die zweite Jahresh\u00e4lfte verschoben.<br><strong>Termin: 25. \u2013 29. August 2021 in Dortmund<\/strong><\/p>\n\n\n\n<p><strong>Konferenz Bildung Digitalisierung 2021<\/strong><br>Die zweit\u00e4gige Konferenz bezeichnet sich selbst als die \u201eLeitkonferenz f\u00fcr gute Schule in der digitalen Welt\u201c und wird veranstaltet vom Forum Bildung Digitalisierung. Sie erm\u00f6glicht fachlichen Austausch und Vernetzung der Akteure im Bereich Digitalisierung und schulische Bildung.<br><strong>Termin: 11.\/12. November 2021 (online)<\/strong><\/p>\n\n\n\n<p><strong>Deutscher Schulleiterkongress 2021<\/strong><br>Die nach eigener Aussage \u201egr\u00f6\u00dfte Fachveranstaltung f\u00fcr Schulleitungen im gesamten deutschsprachigen Raum\u201c findet normalerweise im Fr\u00fchjahr statt. Mit der Verlegung des Termins ans Jahresende erh\u00f6hen sich die Chancen auf eine tats\u00e4chliche Vor-Ort-Durchf\u00fchrung. Der Kongress bietet Workshops, Vortr\u00e4ge von Top-Speakern, M\u00f6glichkeiten zum Erfahrungsaustausch und eine Ausstellung zu Produkten und Trends.<br><strong>Termin: 25. \u2013 27. November 2021 in D\u00fcsseldorf<\/strong><\/p>","protected":false},"excerpt":{"rendered":"<p>Welche der wichtigen Veranstaltungen im Bildungssektor finden 2021 statt? Welche sind online geplant, welche verschoben oder abgesagt? Eine erste \u00dcbersicht (ohne Anspruch auf dauerhafte G\u00fcltigkeit).<\/p>","protected":false},"author":8,"featured_media":0,"comment_status":"open","ping_status":"open","sticky":false,"template":"","format":"standard","meta":{"footnotes":""},"categories":[175,176,180],"tags":[610,625,627,630,758,949,950,951,952,953],"class_list":["post-2079","post","type-post","status-publish","format-standard","hentry","category-foren-und-plattformen-fur-lehrkraefte","category-infoseiten","category-links-tipps","tag-digitalisierung","tag-bildungsmesse","tag-lehrertag","tag-schulleiterkongress","tag-konferenz","tag-didacta-2021","tag-bildungskonferenz","tag-learntec","tag-leipziger-buchmesse","tag-creativa"],"aioseo_notices":[],"publishpress_future_action":{"enabled":false,"date":"2026-05-04 10:16:09","action":"change-status","newStatus":"draft","terms":[],"taxonomy":"category","extraData":[]},"publishpress_future_workflow_manual_trigger":{"enabledWorkflows":[]},"_links":{"self":[{"href":"https:\/\/www.lehrcare.de\/en\/wp-json\/wp\/v2\/posts\/2079","targetHints":{"allow":["GET"]}}],"collection":[{"href":"https:\/\/www.lehrcare.de\/en\/wp-json\/wp\/v2\/posts"}],"about":[{"href":"https:\/\/www.lehrcare.de\/en\/wp-json\/wp\/v2\/types\/post"}],"author":[{"embeddable":true,"href":"https:\/\/www.lehrcare.de\/en\/wp-json\/wp\/v2\/users\/8"}],"replies":[{"embeddable":true,"href":"https:\/\/www.lehrcare.de\/en\/wp-json\/wp\/v2\/comments?post=2079"}],"version-history":[{"count":4,"href":"https:\/\/www.lehrcare.de\/en\/wp-json\/wp\/v2\/posts\/2079\/revisions"}],"predecessor-version":[{"id":2083,"href":"https:\/\/www.lehrcare.de\/en\/wp-json\/wp\/v2\/posts\/2079\/revisions\/2083"}],"wp:attachment":[{"href":"https:\/\/www.lehrcare.de\/en\/wp-json\/wp\/v2\/media?parent=2079"}],"wp:term":[{"taxonomy":"category","embeddable":true,"href":"https:\/\/www.lehrcare.de\/en\/wp-json\/wp\/v2\/categories?post=2079"},{"taxonomy":"post_tag","embeddable":true,"href":"https:\/\/www.lehrcare.de\/en\/wp-json\/wp\/v2\/tags?post=2079"}],"curies":[{"name":"wp","href":"https:\/\/api.w.org\/{rel}","templated":true}]}}