{"id":2039,"date":"2020-08-27T11:59:32","date_gmt":"2020-08-27T09:59:32","guid":{"rendered":"https:\/\/www.lehrcare.de\/blog\/?p=2039"},"modified":"2020-08-28T13:15:31","modified_gmt":"2020-08-28T11:15:31","slug":"podcasts-fuer-lehrer-stand-september-2020","status":"publish","type":"post","link":"https:\/\/www.lehrcare.de\/en\/podcasts-fuer-lehrer-stand-september-2020\/","title":{"rendered":"Podcasts f\u00fcr Lehrer (Stand: September 2020)"},"content":{"rendered":"<p>W\u00e4hrend der Corona-Schulschlie\u00dfungen haben Podcasts \u2013 egal ob zur fachlichen Weiterbildung, aus privatem Interesse oder zur Einbindung in den Unterricht \u2013 einen ordentlichen Schub bekommen. Neben von Lehrkr\u00e4ften produzierten Podcasts, beispielsweise \u00fcber eigene Schulerlebnisse oder methodische Erfahrungen, kann die Produktion eines Podcasts auch Bestandteil des Unterrichts sein. Nicht zuletzt dienen Podcasts vielen Lehrkr\u00e4ften auch als Fort- und Weiterbildungsmedium.<\/p>\n\n\n\n<h4 class=\"wp-block-heading\"><strong>Podcasts von Lehrkr\u00e4ften (Auswahl)<\/strong><\/h4>\n\n\n\n<p><strong><a aria-label=\"Homeschooling hautnah: (\u00f6ffnet in neuem Tab)\" href=\"https:\/\/www.lehrer-online.de\/blog-digitale-schule\/blogbeitrag\/fa\/podcast-homeschooling-hautnah-folge-1-berufsschullehrer-in-hessen\/\" target=\"_blank\" rel=\"noreferrer noopener\">Homeschooling hautnah:<\/a> <\/strong>In diesem Podcast kommen unterschiedliche Menschen und deren jeweils eigene Perspektiven auf die coronabedingten Schulschlie\u00dfungen zu Wort. Die Bandbreite reicht von verschiedenen Lehrkr\u00e4ften \u00fcber angehende P\u00e4dagog*innen bis hin zu Sch\u00fcler*innen. <\/p>\n\n\n\n<p><a href=\"https:\/\/anchor.fm\/Lauschcafe\" target=\"_blank\" rel=\"noreferrer noopener\" title=\"Lauschcaf\u00e9\"><strong>Lauschcaf\u00e9:<\/strong><\/a> Hier f\u00fchrt Podcast-Macher Tim mit unterschiedlichsten Menschen \u201eGespr\u00e4che \u00fcber Bildung in der digitalisierten Welt. Oft kommen angehende Lehrkr\u00e4fte und Referendare zu Wort. Vermittelt wird ein positiver, neugierig machender Zugang zur Bereicherung des Unterrichts mit digitalen Mitteln.<br><\/p>\n\n\n\n<p><strong><a rel=\"noreferrer noopener\" aria-label=\"Lehrermomente Podcast: (\u00f6ffnet in neuem Tab)\" href=\"https:\/\/lehrermomente.wordpress.com\/mein-podcast-2\/\" target=\"_blank\">Lehrermomente Podcast:<\/a><\/strong> Ob Unterrichtsst\u00f6rungen, Schuljahresplanung, ein Blick in die Lehrertasche oder Interviews mit Fachleuten rund um die Schule: Dieser Podcast, produziert von einer Lehrerin, enth\u00e4lt zahlreiche Erfahrungen und Tipps direkt aus dem Schulalltag. <\/p>\n\n\n\n<p><strong><a href=\"http:\/\/schulsprecher-podcast.de\/page\/2\/\" target=\"_blank\" rel=\"noreferrer noopener\" aria-label=\"Schulsprecher: (\u00f6ffnet in neuem Tab)\">Schulsprecher:<\/a><\/strong> Weniger der Unterhaltung als vielmehr der fundierten fachlichen Information dient der Podcast \u201eSchulsprecher\u201c. Er behandelt in jeweils recht ausf\u00fchrlichen Episoden grundlegende \u2013 und aktuell diskutierte \u2013 Fragen der Lehrert\u00e4tigkeit: Was ist vom Konzept der \u201eKompetenzen\u201c zu halten? Wie kann die Arbeitszeit von Lehrkr\u00e4ften gemessen werden? Wie funktioniert Leistungsbewertung?  <\/p>\n\n\n\n<p><strong><a href=\"https:\/\/r8ut13.podcaster.de\/\" target=\"_blank\" rel=\"noreferrer noopener\" aria-label=\"Netzlehrer:  (\u00f6ffnet in neuem Tab)\">Netzlehrer:<\/a><\/strong><a href=\"https:\/\/r8ut13.podcaster.de\/\" target=\"_blank\" rel=\"noreferrer noopener\" aria-label=\"Netzlehrer:  (\u00f6ffnet in neuem Tab)\"> <\/a>Urspr\u00fcnglich gestartet unter dem Namen \u201eReferendarsfl\u00fcsterer\u201c als ein Podcast f\u00fcr Referendare und Lehramtsstudierende, widmet sich dieser Podcast mittlerweile einem neuen Schwerpunkt: digitale Transformation und Digitalkultur im Bereich Schule. Selbstverst\u00e4ndlich sollen noch immer auch angehende Lehrkr\u00e4fte angesprochen werden. <\/p>\n\n\n\n<p><strong><a rel=\"noreferrer noopener\" aria-label=\"Locker Lehrer: (\u00f6ffnet in neuem Tab)\" href=\"https:\/\/www.lockerlehrer.de\/podcasts\/\" target=\"_blank\">Locker <\/a><a href=\"https:\/\/www.lockerlehrer.de\" target=\"_blank\" rel=\"noreferrer noopener\" aria-label=\"Lehrer (\u00f6ffnet in neuem Tab)\">Lehrer<\/a><a rel=\"noreferrer noopener\" aria-label=\"Locker Lehrer: (\u00f6ffnet in neuem Tab)\" href=\"https:\/\/www.lockerlehrer.de\/podcasts\/\" target=\"_blank\">:<\/a><\/strong> Dieser Podcast beschreibt sich als \u201aLehrercoaching mit Herz\u2018 und gibt hilfreiche Tipps, Anregungen und Informationen, um besser mit den t\u00e4glichen schulischen Herausforderungen zurechtkommen zu k\u00f6nnen. Ein Fokus liegt dabei auf Themen wie: Kraft tanken, Selbstbewusstsein st\u00e4rken, bewusst abgrenzen oder Ruheinseln schaffen inmitten stressiger Phasen. <\/p>\n\n\n\n<p><strong><a href=\"https:\/\/itunes.apple.com\/de\/podcast\/unterrichtsfreie-zeit-der-podcast-f%C3%BCr-lehrer-und-referendare\/id1231570778?mt=2\" target=\"_blank\" rel=\"noreferrer noopener\" aria-label=\"Unterrichtsfreie Zeit: (\u00f6ffnet in neuem Tab)\">Unterrichtsfreie Zeit:<\/a> <\/strong>Dieser Podcast (und auch der gleichnamige Blog) wird betrieben von Lehrerin Jenny, die sich selbst als \u201eOrganisationsfreak\u201c bezeichnet. Schwerpunkt hier daher: Zeitmanagement, Selbst- und Unterrichtsorganisation \u2013 auch (und gerade) in der sogenannten unterrichtsfreien Zeit.<\/p>\n\n\n\n<h4 class=\"wp-block-heading\"><strong>Podcasts \u00fcber Schule, Bildung, Bildungspolitik<\/strong><\/h4>\n\n\n\n<p><strong><a rel=\"noreferrer noopener\" aria-label=\"K\u00fcchenTalk \u2013 der Podcast f\u00fcr Bildungsaktivist*innen:  (\u00f6ffnet in neuem Tab)\" href=\"https:\/\/linktr.ee\/kuechentalk\" target=\"_blank\">K\u00fcchenTalk \u2013 der Podcast f\u00fcr Bildungsaktivist*innen: <\/a><\/strong>Zeitgem\u00e4\u00dfes, zukunftsorientiertes Lernen kann nur vernetztes Lernen sein. Denn nur so st\u00e4rkt es jene Kompetenzen und Haltungen, die die Grundlage f\u00fcr das Zusammenleben in einer offenen, demokratischen und von Nachhaltigkeit gepr\u00e4gten Gesellschaft bilden. Um Bildung diese Impulse zu geben, l\u00e4dt K\u00fcchenTalk wechselnde Gespr\u00e4chspartner ein, darunter u.a. eine B\u00fcrgermeisterin, ein Lehrer und D64-Vorstand, Personen aus der universit\u00e4ren Lehrerbildung, ein Medienp\u00e4dagoge und ein Inklusionsaktivist.<\/p>\n\n\n\n<p><strong><a href=\"https:\/\/www.youtube.com\/watch?v=XO350y1MA1g\" target=\"_blank\" rel=\"noreferrer noopener\" aria-label=\"Hochbegabung in der Schule: (\u00f6ffnet in neuem Tab)\">Hochbegabung in der Schule:<\/a> <\/strong>Wie \u00e4u\u00dfert sich Hochbegabung und wie wird sie diagnostiziert? Gibt es verschiedene Arten von Hochbegabung? Welche Rolle spielen Lehrkr\u00e4fte dabei? Und was m\u00fcssen vor allem angehende Lehrkr\u00e4fte \u00fcber das Thema wissen? <\/p>\n\n\n\n<p><strong><a href=\"https:\/\/www.podcast.de\/podcast\/633093\/\" target=\"_blank\" rel=\"noreferrer noopener\" aria-label=\"Frau Bachmayer packt aus! (\u00f6ffnet in neuem Tab)\">Frau Bachmayer packt aus!<\/a><\/strong> Frau Bachmayer und Herr Krautmann sind zwar fiktive Namen, die dahinterstehenden Lehrkr\u00e4fte existieren jedoch real \u2013 und sie reden Tacheles \u00fcber all das, was sonst nur hinter den verschlossenen T\u00fcren der Lehrerzimmer diskutiert wird. Ein Podcast von Antenne Niedersachsen. <\/p>\n\n\n\n<p><strong><a href=\"https:\/\/www.podcast.de\/podcast\/538585\/#\" target=\"_blank\" rel=\"noreferrer noopener\" aria-label=\"Vorbild-Schule: (\u00f6ffnet in neuem Tab)\">Vorbild-Schule:<\/a> <\/strong>In Interviews l\u00e4sst dieser Podcast engagierte Lehrerinnen und Lehrer zur Sprache kommen, die aus ihrer Schule eine Vorbildschule machen m\u00f6chten. Jede Episode widmet sich einem Interviewpartner und dessen Ans\u00e4tzen.  <\/p>\n\n\n\n<p><strong><a href=\"https:\/\/mihajlovicfreiburg.com\/2016\/07\/17\/perlen-von-den-saeuen-schule-2050\/\" target=\"_blank\" rel=\"noreferrer noopener\" aria-label=\"Perlen von den S\u00e4uen: (\u00f6ffnet in neuem Tab)\">Perlen von den S\u00e4uen:<\/a> <\/strong>In unregelm\u00e4\u00dfigen Abst\u00e4nden reflektiert dieser Podcast aktuelle Themen aus der Bildungs- und Schulpolitik \u2013 meist in lockerer Gespr\u00e4chsform, als \u201eBildungstalk\u201c mit mehreren teilnehmenden Lehrkr\u00e4ften.  <\/p>\n\n\n\n<p>F\u00fcr die gezielte Suche nach Podcasts \u2013 auch nach Themenbereichen und Stichworten \u2013 empfiehlt sich das Portal <a href=\"https:\/\/www.podcast.de\/\"><strong>https:\/\/www.podcast.de\/<\/strong><\/a>. Es liefert auch einen Einblick in die Funktionsweise von Podcasts. \u00dcberdies geben die meisten Rundfunkanstalten, TV-Sender sowie Magazine und Zeitungen mittlerweile eigene Podcast-Reihen heraus.  <\/p>","protected":false},"excerpt":{"rendered":"<p>W\u00e4hrend der Corona-Schulschlie\u00dfungen haben Podcasts \u2013 egal ob zur fachlichen Weiterbildung, aus privatem Interesse oder zur Einbindung in den Unterricht \u2013 einen ordentlichen Schub bekommen. Neben von Lehrkr\u00e4ften produzierten Podcasts, beispielsweise \u00fcber eigene Schulerlebnisse oder methodische Erfahrungen, kann die Produktion eines Podcasts auch Bestandteil des Unterrichts sein. Nicht zuletzt dienen Podcasts vielen Lehrkr\u00e4ften auch als Fort- und Weiterbildungsmedium.<\/p>","protected":false},"author":8,"featured_media":0,"comment_status":"open","ping_status":"open","sticky":false,"template":"","format":"standard","meta":{"footnotes":""},"categories":[119,175],"tags":[132,842],"class_list":["post-2039","post","type-post","status-publish","format-standard","hentry","category-der_lehrerberuf","category-foren-und-plattformen-fur-lehrkraefte","tag-schule","tag-podcast"],"aioseo_notices":[],"publishpress_future_action":{"enabled":false,"date":"2026-05-04 12:26:04","action":"change-status","newStatus":"draft","terms":[],"taxonomy":"category","extraData":[]},"publishpress_future_workflow_manual_trigger":{"enabledWorkflows":[]},"_links":{"self":[{"href":"https:\/\/www.lehrcare.de\/en\/wp-json\/wp\/v2\/posts\/2039","targetHints":{"allow":["GET"]}}],"collection":[{"href":"https:\/\/www.lehrcare.de\/en\/wp-json\/wp\/v2\/posts"}],"about":[{"href":"https:\/\/www.lehrcare.de\/en\/wp-json\/wp\/v2\/types\/post"}],"author":[{"embeddable":true,"href":"https:\/\/www.lehrcare.de\/en\/wp-json\/wp\/v2\/users\/8"}],"replies":[{"embeddable":true,"href":"https:\/\/www.lehrcare.de\/en\/wp-json\/wp\/v2\/comments?post=2039"}],"version-history":[{"count":6,"href":"https:\/\/www.lehrcare.de\/en\/wp-json\/wp\/v2\/posts\/2039\/revisions"}],"predecessor-version":[{"id":2045,"href":"https:\/\/www.lehrcare.de\/en\/wp-json\/wp\/v2\/posts\/2039\/revisions\/2045"}],"wp:attachment":[{"href":"https:\/\/www.lehrcare.de\/en\/wp-json\/wp\/v2\/media?parent=2039"}],"wp:term":[{"taxonomy":"category","embeddable":true,"href":"https:\/\/www.lehrcare.de\/en\/wp-json\/wp\/v2\/categories?post=2039"},{"taxonomy":"post_tag","embeddable":true,"href":"https:\/\/www.lehrcare.de\/en\/wp-json\/wp\/v2\/tags?post=2039"}],"curies":[{"name":"wp","href":"https:\/\/api.w.org\/{rel}","templated":true}]}}