{"id":2033,"date":"2020-08-04T18:04:42","date_gmt":"2020-08-04T16:04:42","guid":{"rendered":"https:\/\/www.lehrcare.de\/blog\/?p=2033"},"modified":"2020-08-04T18:04:44","modified_gmt":"2020-08-04T16:04:44","slug":"schuljahr-2020-21-die-planungen-der-einzelnen-bundeslaender","status":"publish","type":"post","link":"https:\/\/www.lehrcare.de\/en\/schuljahr-2020-21-die-planungen-der-einzelnen-bundeslaender\/","title":{"rendered":"Schuljahr 2020\/21: Die Planungen der einzelnen Bundesl\u00e4nder"},"content":{"rendered":"<h5 class=\"wp-block-heading\"><strong>BADEN-W\u00dcRTTEMBERG (Schuljahresbeginn: 14. September)<\/strong><\/h5>\n\n\n\n<ul class=\"wp-block-list\"><li>Unterricht in m\u00f6glichst festen Gruppen, sodass sich die\n\tSch\u00fcler*innen m\u00f6glichst wenig durchmischen.\n\t<\/li><li>Maskenpflicht auf dem Schulgel\u00e4nde und in Geb\u00e4uden der\n\tweiterf\u00fchrenden Schulen, nicht aber im Unterricht.\n\t<\/li><li>Eltern, die nicht wollen, dass ihr Kind am Pr\u00e4senzunterricht\n\tteilnimmt, k\u00f6nnen dies der Schule formlos melden. Dann m\u00fcssen die\n\tKinder aber aus der Ferne mitlernen.\n\t<\/li><li>Mitarbeiter*innen an Schulen und Kitas k\u00f6nnen sich von Mitte\n\tAugust bis Ende September zwei Mal kostenfrei und freiwillig auf das\n\tCoronavirus testen lassen.\n<\/li><\/ul>\n\n\n\n<h5 class=\"wp-block-heading\"><strong>BAYERN (Schuljahresbeginn: 8. September)<\/strong><\/h5>\n\n\n\n<ul class=\"wp-block-list\"><li>Maskenpflicht an Schulen, auch an Grundschulen, bis zum Platz\n\tim Klassenzimmer. Je nach Entwicklung der Pandemie regional auch\n\tMaskenpflicht w\u00e4hrend des Unterrichts m\u00f6glich.\n\t<\/li><li>F\u00fcr die Schulen wurde ein Vier-Stufen-Plan entwickelt. Die\n\tHygieneregeln werden je nach Infektionsgeschehen stufenweise\n\tversch\u00e4rft, bis hin zum Distanzunterricht zu Hause.\n\t<\/li><li>Auch Lehrkr\u00e4fte ohne Lehramtsstudium werden eingesetzt, um\n\tLehrkr\u00e4fte, die zur Risikogruppe geh\u00f6ren und nicht an die Schule\n\tkommen k\u00f6nnen, zu unterst\u00fctzen.\n\t<\/li><li>F\u00fcr Lehrkr\u00e4fte gibt es ab Beginn des Schuljahres einmalige\n\tReihentests.\n<\/li><\/ul>\n\n\n\n<h5 class=\"wp-block-heading\"><strong>BERLIN (Schuljahresbeginn: 10. August)<\/strong><\/h5>\n\n\n\n<ul class=\"wp-block-list\"><li>Geplant ist \u201edurchgehender Unterricht\n\tin vollem Umfang\u201c f\u00fcr alle.\n\t<\/li><li>Lehrkr\u00e4fte \u00fcberpr\u00fcfen zu Beginn den\n\tLernstand der Sch\u00fcler*innen und legen dann Konzepte zur\n\tUnterrichtsgestaltung und eventuelle F\u00f6rderma\u00dfnahmen fest.\n\t<\/li><li>Sport-, Musik- und Theaterunterricht\n\tdarf wieder stattfinden. Gemeinsames Singen in geschlossenen R\u00e4umen\n\tist nicht gestattet. K\u00f6rperkontakt soll vermieden werden.\n\t<\/li><li>Maskenpflicht im Schulgeb\u00e4ude auf\n\tFluren, in Aufenthalts- und Gemeinschaftsr\u00e4umen oder der Toilette.\n\tKeine Maskenpflicht in Unterrichtsr\u00e4umen, auf dem Pausenhof oder im\n\tHort.\n<\/li><\/ul>\n\n\n\n<h5 class=\"wp-block-heading\"><strong>BRANDENBURG (Schuljahresbeginn: 10. August)<\/strong><\/h5>\n\n\n\n<ul class=\"wp-block-list\"><li>F\u00fcr Lehrkr\u00e4fte und Sch\u00fcler*innen derzeit keine\n\tMaskenpflicht geplant.\n\t<\/li><li>Lehrkr\u00e4fte k\u00f6nnen sich zwischen Anfang August und Ende\n\tNovember sechs Mal auf Kosten des Landes freiwillig auf das\n\tCoronavirus testen lassen.\n\t<\/li><li>Im Falle eines Corona-Ausbruchs sollen m\u00f6glichst nur\n\teinzelne Klassen in den Heimunterricht geschickt werden. Es soll\n\tnicht gleich die ganze Schule geschlossen werden.\n\t<\/li><li>Bis zum Ende des ersten Halbjahres sollen f\u00fcr alle\n\tSch\u00fcler*innen mobile Endger\u00e4te zur Verf\u00fcgung stehen.\n<\/li><\/ul>\n\n\n\n<h5 class=\"wp-block-heading\"><strong>BREMEN (Schuljahresbeginn: 27. August)<\/strong><\/h5>\n\n\n\n<ul class=\"wp-block-list\"><li>Das Bremer \u201eRahmenkonzept Schuljahr 2020\/2021\u201c zielt auf\n\tm\u00f6glichst viel Normalit\u00e4t und Regelbetrieb unter den Auflagen des\n\tHygieneplans ab. Leitmotiv aller Entscheidungen sei das Recht der\n\tKinder und Jugendlichen auf Bildung und Teilhabe.\n\t<\/li><li>Vorgesehen sind \u201em\u00f6glichst feste Klassenteams\u201c.\n\t<\/li><li>Falls es pandemiebedingt zu Einschr\u00e4nkungen des\n\tSchulbetriebs kommen sollte, sollen Sch\u00fcler*innen, die zu Hause\n\tkeine oder nur eingeschr\u00e4nkte M\u00f6glichkeiten zum selbstst\u00e4ndigen\n\tLernen haben, bevorzugt mit Pr\u00e4senzzeiten versorgt werden.\n<\/li><\/ul>\n\n\n\n<h5 class=\"wp-block-heading\"><strong>HAMBURG (Schuljahresbeginn: 6. August)<\/strong><\/h5>\n\n\n\n<ul class=\"wp-block-list\"><li>Geplant ist \u201ein allen Schulformen und Jahrgangsstufen\u201c wieder Regelbetrieb, sofern es die Infektionslage zul\u00e4sst. <\/li><li>Das Abstandsgebot von 1,5 Metern zwischen Sch\u00fclerinnen und Sch\u00fclern f\u00fcr das Schuljahr 2020\/21 wird auf Ebene der Klasse bzw. des Jahrgangs aufgehoben. <\/li><li>Das Tragen einer Maske in den Pausen oder im Schulbus wird weiterhin empfohlen. <\/li><li>Lehrkr\u00e4fte und andere Besch\u00e4ftigte der Schulen k\u00f6nnen sich mehrfach kostenlos auf Corona testen lassen. <\/li><\/ul>\n\n\n\n<h5 class=\"wp-block-heading\"><strong>HESSEN (Schuljahresbeginn: 17. August)<\/strong><\/h5>\n\n\n\n<ul class=\"wp-block-list\"><li>Der Mindestabstand in den Klassenr\u00e4umen und beim\n\tSportunterricht wird aufgehoben, er besteht jedoch weiterhin\n\tbeispielsweise bei Konferenzen.\n\t<\/li><li>Im Musikunterricht ist gemeinsames Singen und Musizieren mit\n\tBlasinstrumenten nur im Freien erlaubt.\n\t<\/li><li>Die Schulleitung kann f\u00fcr die Zeiten au\u00dferhalb des\n\tPr\u00e4senzunterrichts im Klassen- oder Kursverband das Tragen einer\n\tMund-Nase-Bedeckung anordnen.\n\t<\/li><li>Jede Lehrkraft kann sich voraussichtlich vor dem Start ins\n\tneue Schuljahr auf eine m\u00f6gliche Corona-Infektion testen lassen.\n<\/li><\/ul>\n\n\n\n<h5 class=\"wp-block-heading\"><strong>MECKLENBURG-VORPOMMERN (Schuljahresbeginn: 3. August)<\/strong><\/h5>\n\n\n\n<ul class=\"wp-block-list\"><li> Mecklenburg-Vorpommern startete als erstes Bundesland nach den Ferien in den Schulbetrieb. <\/li><li>Das Bildungsministerium hat die Sch\u00fcler*innen jahrgangsm\u00e4\u00dfig in Gruppen eingeteilt. Beispielsweise sollen die Jahrgangsstufen 1 bis 4 oder 7 und 8 unter sich bleiben. Die verschiedenen definierten Gruppen sollen sich einander nicht bzw. m\u00f6glichst nur unter Einhaltung des Mindestabstandes von 1,5 Metern begegnen. <\/li><li>Es gibt kostenlose Corona-Tests f\u00fcr Lehrkr\u00e4fte und Kita-Personal. M\u00f6glich sind bis zu den Herbstferien f\u00fcnf Tests pro Person im Abstand von zwei Wochen. <\/li><\/ul>\n\n\n\n<h5 class=\"wp-block-heading\"><strong>NIEDERSACHSEN (Schuljahresbeginn: 27. August)<\/strong><\/h5>\n\n\n\n<ul class=\"wp-block-list\"><li>Angestrebt wird ein \u201eMaximum an Bildung und Betreuung auf\n\tder Basis von Normalit\u00e4t\u201c.\n\t<\/li><li>Entwickelt wurden \u2013 je nach Infektionslage \u2013 drei\n\tSzenarien. Derzeit wird vom \u201eeingeschr\u00e4nkten Regelbetrieb\u201c\n\tausgegangen, der einen Schulbetrieb \u201ewie immer\u201c jedoch \u201emit\n\tein paar Sonderregelungen\u201c vorsieht.\n\t<\/li><li>Es wird auf das Abstandsgebot verzichtet, soll aber feste\n\tLerngruppen geben.\n\t<\/li><li>Auf den Fluren sollen Masken getragen werden.\n<\/li><\/ul>\n\n\n\n<h5 class=\"wp-block-heading\"><strong>NORDRHEIN-WESTFALEN (Schuljahresbeginn: 12. August)<\/strong><\/h5>\n\n\n\n<ul class=\"wp-block-list\"><li>Angestrebt wird nach den Sommerferien ein\n\t\u201everantwortungsvoller Regelbetrieb\u201c.\n\t<\/li><li>Es gibt Pl\u00e4ne f\u00fcr die Gewinnung von zus\u00e4tzlichem Personal\n\tzur Sicherstellung des Regelbetriebs.\n\t<\/li><li>Angek\u00fcndigt wurde ein Leitfaden f\u00fcr die Schulen, falls\n\tdiese aus Gr\u00fcnden des Infektionsschutzes doch wieder auf\n\tDistanz-Unterricht umschalten m\u00fcssen.\n\t<\/li><li>Die Besch\u00e4ftigten von Schulen und Kitas in NRW k\u00f6nnen sich\n\tbis zu den Herbstferien alle 14 Tage freiwillig und kostenlos auf\n\tCorona testen lassen.\n<\/li><\/ul>\n\n\n\n<h5 class=\"wp-block-heading\"><strong>RHEINLAND-PFALZ (Schuljahresbeginn: 17. August)<\/strong><\/h5>\n\n\n\n<ul class=\"wp-block-list\"><li>Der f\u00fcr das neue Schuljahr weiterentwickelte Hygieneplan\n\tenth\u00e4lt kein Abstandsgebot mehr.\n\t<\/li><li>Je nach Entwicklung der Corona-Infektionen k\u00f6nnen zwei\n\tweitere Szenarien umgesetzt werden: Das bisherige Nebeneinander von\n\tPr\u00e4senz- und Fernunterricht sowie, bei einem gr\u00f6\u00dferen Ausbruch,\n\ttempor\u00e4re Schulschlie\u00dfungen, umfassende Tests und Quarant\u00e4ne.\n<\/li><\/ul>\n\n\n\n<h5 class=\"wp-block-heading\"><strong>SAARLAND (Schuljahresbeginn: 17. August)<\/strong><\/h5>\n\n\n\n<ul class=\"wp-block-list\"><li>Unterricht in festen Gruppen innerhalb eines Jahrgangs, um\n\teine Durchmischung mit anderen Jahrg\u00e4ngen nach M\u00f6glichkeit zu\n\tvermeiden.\n\t<\/li><li>Ziel ist, dass bei Infektionsf\u00e4llen f\u00fcr nicht betroffene\n\tPersonen der Pr\u00e4senzunterricht weiterl\u00e4uft.\n\t<\/li><li>Der Hygieneplan des Landes f\u00fcr die Schulen empfiehlt,\n\tMusikunterricht \u2013 wenn gesungen wird \u2013 bei gutem Wetter im\n\tFreien abzuhalten.\n\t<\/li><li>Sch\u00fcler*innen, die zur Risikogruppe geh\u00f6ren, k\u00f6nnen mit\n\t\u00e4rztlichem Attest vom Schulbesuch befreit werden, m\u00fcssen aber an\n\tPr\u00fcfungen teilnehmen. Daf\u00fcr stellen die Schulen separate R\u00e4ume\n\tzur Verf\u00fcgung.\n<\/li><\/ul>\n\n\n\n<h5 class=\"wp-block-heading\"><strong>SACHSEN (Schuljahresbeginn: 31. August)<\/strong><\/h5>\n\n\n\n<ul class=\"wp-block-list\"><li>Die Sch\u00fcler*innen werden wie gewohnt in ihren Klassen und\n\tKursen nach den geltenden Stundentafeln und Lehrpl\u00e4nen\n\tunterrichtet.\n\t<\/li><li>Der Mindestabstand von 1,50 Metern gilt nicht mehr.\n\t<\/li><li>Die Schulleitungen k\u00f6nnen festlegen, wann und wo eine Maske\n\tzu tragen ist.\n\t<\/li><li>Wer die Schule betritt, muss sich die H\u00e4nde waschen oder\n\tdesinfizieren.\n\t<\/li><li>T\u00e4glich wird dokumentiert, wer in der Schule war, um\n\tInfektionsketten nachvollziehen zu k\u00f6nnen.\n<\/li><\/ul>\n\n\n\n<h5 class=\"wp-block-heading\"><strong>SACHSEN-ANHALT (Schuljahresbeginn: 27. August)<\/strong><\/h5>\n\n\n\n<ul class=\"wp-block-list\"><li>Alle Schulen sollen sich auf die R\u00fcckkehr in den\n\tRegelbetrieb vorbereiten.\n\t<\/li><li>Die Gesundheitsbeh\u00f6rden k\u00f6nnten jedoch weiterhin lokale\n\tSchulschlie\u00dfungen vornehmen.\n\t<\/li><li>Schulen sind gehalten, sich auch auf eine teilweise oder\n\tvollst\u00e4ndige Abkehr vom Regelbetrieb einzustellen, um kurzfristig\n\twieder Distanzunterricht anbieten zu k\u00f6nnen.\n\t<\/li><li>Ein aktualisierter Hygieneplan soll noch vorgelegt werden.\n\tDas Ministerium geht grunds\u00e4tzlich davon aus, \u201edass das gesamte\n\tp\u00e4dagogische Personal im Regelbetrieb eingesetzt werden kann\u201c.\n\t<\/li><li>Das Bildungsministerium empfiehlt allen schulischen Akteuren\n\tdie Nutzung der Corona-Warn-App.\n<\/li><\/ul>\n\n\n\n<h5 class=\"wp-block-heading\"><strong>SCHLESWIG-HOLSTEIN (Schuljahresbeginn: 10. August)<\/strong><\/h5>\n\n\n\n<ul class=\"wp-block-list\"><li>Geplant ist eine Aufteilung der Sch\u00fcler in feste Gro\u00dfgruppen\n\tnach Jahrgangsstufe.\n\t<\/li><li>Innerhalb der Jahrg\u00e4nge f\u00e4llt die Abstandsregel, daf\u00fcr\n\tsollen Kontakte zwischen den Jahrg\u00e4ngen m\u00f6glichst vermieden\n\twerden.\n\t<\/li><li>Anstelle des durchg\u00e4ngig einzuhaltenden Abstandsgebots tritt\n\tdas Kohortenprinzip. Im Infektionsfall kann dann nur die\n\tentsprechende Kohorte in Quarant\u00e4ne geschickt werden, ohne dass die\n\tganze Schule schlie\u00dfen muss.\n\t<\/li><li>Gro\u00dffl\u00e4chige Corona-Tests f\u00fcr Lehrkr\u00e4fte sind nicht\n\tgeplant.\n<\/li><\/ul>\n\n\n\n<h5 class=\"wp-block-heading\"><strong>TH\u00dcRINGEN (Schuljahresbeginn: 31. August)<\/strong><\/h5>\n\n\n\n<ul class=\"wp-block-list\"><li>F\u00fcr Schulen existiert ein Ampel-Konzept mit abgestuften Sicherheitsma\u00dfnahmen: Gr\u00fcn bedeutet Normalbetrieb, gelb eingeschr\u00e4nkter Regelbetrieb, wenn beispielsweise ein Infektionsfall an der Schule auftritt, die Kontaktpersonen aber bekannt sind und nach Hause geschickt werden k\u00f6nnen. Bei Gelb werden die Infektionsschutzma\u00dfnahmen an der Schule versch\u00e4rft. Ist der Kontakt nicht nachzuvollziehen, tritt Stufe Rot in Kraft und es kann zu einer vor\u00fcbergehenden Schulschlie\u00dfung kommen. <\/li><li>In den Schulen muss \u00fcberall dort eine Maske getragen werden, wo n\u00f6tige Abst\u00e4nde zwischen Sch\u00fclern nicht eingehalten werden k\u00f6nnen, nicht aber im Unterricht. <\/li><li>Klassenfahrten sollen wieder m\u00f6glich sein. <\/li><li>Ab Mitte August sind freiwillige, kostenlose Corona-Tests f\u00fcr Lehrkr\u00e4fte geplant. <\/li><\/ul>\n\n\n\n<p>(Quelle: dpa)<\/p>","protected":false},"excerpt":{"rendered":"<p>BADEN-W\u00dcRTTEMBERG (Schuljahresbeginn: 14. September) Unterricht in m\u00f6glichst festen Gruppen, sodass sich die Sch\u00fcler*innen m\u00f6glichst wenig durchmischen. Maskenpflicht auf dem Schulgel\u00e4nde und in Geb\u00e4uden der weiterf\u00fchrenden Schulen, nicht aber im Unterricht. Eltern, die nicht wollen, dass ihr Kind am Pr\u00e4senzunterricht teilnimmt, k\u00f6nnen dies der Schule formlos melden. Dann m\u00fcssen die Kinder aber aus der Ferne mitlernen. [&hellip;]<\/p>","protected":false},"author":8,"featured_media":0,"comment_status":"open","ping_status":"open","sticky":false,"template":"","format":"standard","meta":{"footnotes":""},"categories":[1],"tags":[910,933,934,935,936],"class_list":["post-2033","post","type-post","status-publish","format-standard","hentry","category-unkategorisiert","tag-corona","tag-schuloeffnungen","tag-schutzmassnahmen","tag-hygieneplan","tag-hygieneplaene"],"aioseo_notices":[],"publishpress_future_action":{"enabled":false,"date":"2026-05-06 08:37:32","action":"change-status","newStatus":"draft","terms":[],"taxonomy":"category","extraData":[]},"publishpress_future_workflow_manual_trigger":{"enabledWorkflows":[]},"_links":{"self":[{"href":"https:\/\/www.lehrcare.de\/en\/wp-json\/wp\/v2\/posts\/2033","targetHints":{"allow":["GET"]}}],"collection":[{"href":"https:\/\/www.lehrcare.de\/en\/wp-json\/wp\/v2\/posts"}],"about":[{"href":"https:\/\/www.lehrcare.de\/en\/wp-json\/wp\/v2\/types\/post"}],"author":[{"embeddable":true,"href":"https:\/\/www.lehrcare.de\/en\/wp-json\/wp\/v2\/users\/8"}],"replies":[{"embeddable":true,"href":"https:\/\/www.lehrcare.de\/en\/wp-json\/wp\/v2\/comments?post=2033"}],"version-history":[{"count":2,"href":"https:\/\/www.lehrcare.de\/en\/wp-json\/wp\/v2\/posts\/2033\/revisions"}],"predecessor-version":[{"id":2035,"href":"https:\/\/www.lehrcare.de\/en\/wp-json\/wp\/v2\/posts\/2033\/revisions\/2035"}],"wp:attachment":[{"href":"https:\/\/www.lehrcare.de\/en\/wp-json\/wp\/v2\/media?parent=2033"}],"wp:term":[{"taxonomy":"category","embeddable":true,"href":"https:\/\/www.lehrcare.de\/en\/wp-json\/wp\/v2\/categories?post=2033"},{"taxonomy":"post_tag","embeddable":true,"href":"https:\/\/www.lehrcare.de\/en\/wp-json\/wp\/v2\/tags?post=2033"}],"curies":[{"name":"wp","href":"https:\/\/api.w.org\/{rel}","templated":true}]}}