{"id":1983,"date":"2020-06-19T21:46:09","date_gmt":"2020-06-19T19:46:09","guid":{"rendered":"https:\/\/www.lehrcare.de\/blog\/?p=1983"},"modified":"2020-06-22T11:13:41","modified_gmt":"2020-06-22T09:13:41","slug":"schuloeffnungen-wie-geht-es-weiter-nach-den-sommerferien-stand-18-6-2020","status":"publish","type":"post","link":"https:\/\/www.lehrcare.de\/en\/schuloeffnungen-wie-geht-es-weiter-nach-den-sommerferien-stand-18-6-2020\/","title":{"rendered":"Schul\u00f6ffnungen: Wie geht es weiter nach den Sommerferien? (Stand: 18.6.2020)"},"content":{"rendered":"<p>Am 18. Juni tagte die <a rel=\"noreferrer noopener\" aria-label=\"Kultusministerkonferenz (KMK) (\u00f6ffnet in neuem Tab)\" href=\"https:\/\/www.kmk.org\/\" target=\"_blank\">Kultusministerkonferenz (KMK)<\/a> zur Er\u00f6rterung eines Konzepts f\u00fcr den Schulbetrieb nach den Sommerferien. Wesentliches Ergebnis der Besprechung: Sofern es das Infektionsgeschehen zul\u00e4sst, werden alle L\u00e4nder nach Ende der Sommerferien wieder einen regul\u00e4ren Schulbetrieb aufnehmen. <\/p>\n\n\n\n<p>Die \u00d6ffnungen von Kitas, so ein <a href=\"https:\/\/jfmk.de\/wp-content\/uploads\/2020\/04\/JFMK-Beschluss_Gemeinsamer-Rahmen-der-L%C3%A4nder-f%C3%BCr-einen-stufenweisen-Prozess-zur-%C3%96ffnung-der-Kindertagesbetreuungsangebote.pdf\">Beschluss <\/a>der <a rel=\"noreferrer noopener\" aria-label=\"Jugend- und Familienministerkonferenz (JFMK) (\u00f6ffnet in neuem Tab)\" href=\"https:\/\/jfmk.de\/\" target=\"_blank\">Jugend- und Familienministerkonferenz (JFMK)<\/a> vom 28.04.2020, erfolgen schrittweise in vier Stufen. Entscheidend ist jedoch immer die Infektionssituation in der jeweiligen Stadt bzw. Kommune. Im Einzelfall empfiehlt sich eine R\u00fccksprache mit dem jeweiligen Kita-Tr\u00e4ger.<\/p>\n\n\n\n<h4 class=\"wp-block-heading\"><strong>Die Beschlusspunkte zur Schul\u00f6ffnung im Einzelnen:<\/strong> <\/h4>\n\n\n\n<ul class=\"wp-block-list\"><li><\/li><\/ul>\n\n\n\n<ol class=\"wp-block-list\"><li>Der Regelbetrieb soll nach den\n\tSommerferien nach jeweils geltender Stundentafel stattfinden. Die\n\tSch\u00fclerinnen und Sch\u00fcler lernen in ihrem Klassenverband oder in\n\teiner festen Lerngruppe.\n\t<\/li><li>Die im Schuljahr 2020\/2021\n\tangestrebten Bildungsabschl\u00fcsse sollen erreicht werden k\u00f6nnen. \n\t\n\t<\/li><li>Es werden Ma\u00dfnahmen angesto\u00dfen,\n\tdie durch den Corona-bedingten Schulausfall entstandenen Lernl\u00fccken\n\tauszugleichen.\n\t<\/li><li>Die Digitalisierung des Lehrens\n\tund Lernens soll weiter vorangetrieben werden. Hierf\u00fcr sollen auch\n\tumfassende Fortbildungen der Lehrkr\u00e4fte stattfinden.\n\t<\/li><li>Die f\u00fcr den Regelbetrieb\n\tnotwendigen Hygienema\u00dfnahmen werden situationsgerecht umgesetzt.\n\t<\/li><li>Es finden weitere Gespr\u00e4che zur\n\tRegelung der Sch\u00fclerbef\u00f6rderung statt.\n\t<\/li><li>Alle Elemente der\n\tLehrkr\u00e4fteausbildung (Unterrichtspraktika, universit\u00e4re Ausbildung\n\tals auch Vorbereitungsdienst in der Schule) finden weiterhin normal\n\tstatt.\n\t<\/li><li>Die Kultusminister beraten sich\n\tfortlaufend weiter und passen Vereinbarungen und Abstimmungen\n\tjeweils an die aktuellen Entwicklungen an. \n\t\n<\/li><\/ol>\n\n\n\n<p>Der KMK-Beschluss im Wortlaut ist <a href=\"https:\/\/www.kmk.org\/presse\/pressearchiv\/mitteilung\/kmk-regulaerer-schulbetrieb-spaetestens-nach-den-sommerferien.html\" target=\"_blank\" rel=\"noreferrer noopener\" aria-label=\" (\u00f6ffnet in neuem Tab)\">hier <\/a>zu finden.<\/p>","protected":false},"excerpt":{"rendered":"<p>Am 18. Juni tagte die Kultusministerkonferenz (KMK) zur Er\u00f6rterung eines Konzepts f\u00fcr den Schulbetrieb nach den Sommerferien. Wesentliches Ergebnis der Besprechung: Sofern es das Infektionsgeschehen zul\u00e4sst, werden alle L\u00e4nder nach Ende der Sommerferien wieder einen regul\u00e4ren Schulbetrieb aufnehmen.<\/p>","protected":false},"author":8,"featured_media":0,"comment_status":"open","ping_status":"open","sticky":false,"template":"","format":"standard","meta":{"footnotes":""},"categories":[176,1],"tags":[910,912,923],"class_list":["post-1983","post","type-post","status-publish","format-standard","hentry","category-infoseiten","category-unkategorisiert","tag-corona","tag-schuloeffnung","tag-sommerferien"],"aioseo_notices":[],"publishpress_future_action":{"enabled":false,"date":"2026-05-06 08:37:09","action":"change-status","newStatus":"draft","terms":[],"taxonomy":"category","extraData":[]},"publishpress_future_workflow_manual_trigger":{"enabledWorkflows":[]},"_links":{"self":[{"href":"https:\/\/www.lehrcare.de\/en\/wp-json\/wp\/v2\/posts\/1983","targetHints":{"allow":["GET"]}}],"collection":[{"href":"https:\/\/www.lehrcare.de\/en\/wp-json\/wp\/v2\/posts"}],"about":[{"href":"https:\/\/www.lehrcare.de\/en\/wp-json\/wp\/v2\/types\/post"}],"author":[{"embeddable":true,"href":"https:\/\/www.lehrcare.de\/en\/wp-json\/wp\/v2\/users\/8"}],"replies":[{"embeddable":true,"href":"https:\/\/www.lehrcare.de\/en\/wp-json\/wp\/v2\/comments?post=1983"}],"version-history":[{"count":5,"href":"https:\/\/www.lehrcare.de\/en\/wp-json\/wp\/v2\/posts\/1983\/revisions"}],"predecessor-version":[{"id":1989,"href":"https:\/\/www.lehrcare.de\/en\/wp-json\/wp\/v2\/posts\/1983\/revisions\/1989"}],"wp:attachment":[{"href":"https:\/\/www.lehrcare.de\/en\/wp-json\/wp\/v2\/media?parent=1983"}],"wp:term":[{"taxonomy":"category","embeddable":true,"href":"https:\/\/www.lehrcare.de\/en\/wp-json\/wp\/v2\/categories?post=1983"},{"taxonomy":"post_tag","embeddable":true,"href":"https:\/\/www.lehrcare.de\/en\/wp-json\/wp\/v2\/tags?post=1983"}],"curies":[{"name":"wp","href":"https:\/\/api.w.org\/{rel}","templated":true}]}}