{"id":1949,"date":"2020-04-22T08:43:10","date_gmt":"2020-04-22T06:43:10","guid":{"rendered":"https:\/\/www.lehrcare.de\/blog\/?p=1949"},"modified":"2020-04-22T08:43:12","modified_gmt":"2020-04-22T06:43:12","slug":"corona-krise-wiederaufnahme-des-unterrichts-fahrplaene-der-bundeslaender","status":"publish","type":"post","link":"https:\/\/www.lehrcare.de\/en\/corona-krise-wiederaufnahme-des-unterrichts-fahrplaene-der-bundeslaender\/","title":{"rendered":"Corona-Krise: Wiederaufnahme des Unterrichts \u2013 Fahrpl\u00e4ne der Bundesl\u00e4nder"},"content":{"rendered":"<p><strong>Die Regelungen zur Wieder\u00f6ffung der Schulen erfolgen landesspezifisch und stets unter Vorbehalt der Entwicklung der Infektionszahlen. Die folgenden Angaben geben den Stand vom 22.4.2020 an. Unter den genannten Links sind jeweils tagesaktuelle Informationen abrufbar.<\/strong><\/p>\n\n\n\n<p><strong>Baden-W\u00fcrttemberg: <\/strong>Geplant ist ein \u201eeingeschr\u00e4nkter Start des Schulbetriebs\u201c am 4.5. 2020. Die Wiederer\u00f6ffnung wird schrittweise erfolgen, beginnend mit den Sch\u00fclerinnen und Sch\u00fclern allgemeinbildender Schulen, die 2020 oder 2021 die Abschlusspr\u00fcfungen absolvieren, sowie mit den Sch\u00fclerinnen und Sch\u00fclern der Pr\u00fcfungsklassen der beruflichen Schulen.  <a rel=\"noreferrer noopener\" aria-label=\"Mehr Infos. (\u00f6ffnet in neuem Tab)\" href=\"https:\/\/km-bw.de\/,Lde\/Startseite\/Service\/2020+04+20+Informationen+zur+Wiederaufnahme+des+Schulbetriebs+ab+dem+4_+Mai+2020\" target=\"_blank\">Mehr Infos.<\/a><\/p>\n\n\n\n<p><strong>Bayern: <\/strong>Bayern beabsichtigt derzeit, den Unterrichtsbetrieb ab 27.4.2020 wieder aufzunehmen und zwar zun\u00e4chst f\u00fcr die Abschlussklassen an den weiterf\u00fchrenden und beruflichen Schulen. <a rel=\"noreferrer noopener\" aria-label=\"Mehr Infos. (\u00f6ffnet in neuem Tab)\" href=\"https:\/\/www.km.bayern.de\/allgemein\/meldung\/6945\/faq-zum-unterrichtsbetrieb-an-bayerns-schulen.html\" target=\"_blank\">Mehr Infos.<\/a><\/p>\n\n\n\n<p><strong>Berlin: <\/strong>Ab 20.4. beginnen in Berlin die Abiturpr\u00fcfungen und Pr\u00fcfungen zum Mittleren Schulabschluss. Ab 27.4. kehren Sch\u00fclerinnen und Sch\u00fcler der Stufe 10 zur Pr\u00fcfungsvorbereitung an die Schulen zur\u00fcck, ab 4.5. folgen die 6. Klassen an den Grundschulen und Grundstufen der Gemeinschaftsschulen sowie die Jahrgangsstufen 9 und 12 an Integrierten Sekundarschulen\/Gemeinschaftsschulen und die Jahrgangsstufe 11 an Gymnasien. <a href=\"https:\/\/www.berlin.de\/sen\/bjf\/\" target=\"_blank\" rel=\"noreferrer noopener\" aria-label=\"Mehr Infos. (\u00f6ffnet in neuem Tab)\">Mehr Infos.<\/a><\/p>\n\n\n\n<p><strong>Brandenburg: <\/strong>Das Land Brandenburg \u00f6ffnet die Schulen schrittweise ab dem 27.4. f\u00fcr den Unterricht. Den Anfang machen die Klassen, die vor dem Mittleren Bildungsabschluss stehen. <a href=\"https:\/\/mbjs.brandenburg.de\/kinder-und-jugend\/weitere-themen\/corona-aktuell.html\" target=\"_blank\" rel=\"noreferrer noopener\" aria-label=\"Mehr Infos.  (\u00f6ffnet in neuem Tab)\">Mehr Infos. <\/a><\/p>\n\n\n\n<p><strong>Bremen: <\/strong>Das Land Bremen startet am 22.4. mit den Abiturpr\u00fcfungen. Ab dem 27.4.2020 beginnt der Unterricht f\u00fcr die 10. Klassen in den Oberschulen und f\u00fcr die Vorbereitungsklassen 2 der Gymnasialen Oberstufen.  <a href=\"https:\/\/www.bildung.bremen.de\/start-1459\">Mehr Infos. <\/a><\/p>\n\n\n\n<p><strong>Hamburg: <\/strong>Die Schulen in Hamburg \u00f6ffnen f\u00fcr Abschlussklassen ab dem 27.4. Ab dem 4.5. folgen die Klassen 4 und 6 sowie die Oberstufen.  <a href=\"https:\/\/www.hamburg.de\/bsb\/\" target=\"_blank\" rel=\"noreferrer noopener\" aria-label=\"Mehr Infos.  (\u00f6ffnet in neuem Tab)\">Mehr Infos. <\/a><\/p>\n\n\n\n<p><strong>Hessen: <\/strong>Auch Hessen beginnt ab dem 27.4. schrittweise mit der Wieder\u00f6ffnung der Schulen f\u00fcr den Unterricht. Den Anfang machen die 4. Klassen der Grundschulen sowie die Abschlussklassen der Haupt- und der Realschulen.  <a href=\"https:\/\/kultusministerium.hessen.de\/presse\/pressemitteilung\/kultusminister-lorz-wir-gehen-mit-der-oeffnung-die-ersten-schritte-zu-mehr-schulischer-normalitaet\" target=\"_blank\" rel=\"noreferrer noopener\" aria-label=\"Mehr Infos. (\u00f6ffnet in neuem Tab)\">Mehr Infos.<\/a> <\/p>\n\n\n\n<p><strong>Mecklenburg-Vorpommern: <\/strong>In Mecklenburg-Vorpommern werden ab Montag, 27.4.2020 die Schulen zun\u00e4chst f\u00fcr die Sch\u00fclerinnen und Sch\u00fcler ge\u00f6ffnet, die noch in diesem Schuljahr zentrale Pr\u00fcfungen ablegen.  <a href=\"https:\/\/www.regierung-mv.de\/Landesregierung\/bm\/Aktuell\/?id=159399&amp;processor=processor.sa.pressemitteilung\" target=\"_blank\" rel=\"noreferrer noopener\" aria-label=\"Mehr Infos. (\u00f6ffnet in neuem Tab)\">Mehr Infos.<\/a> <\/p>\n\n\n\n<p><strong>Niedersachsen: <\/strong>Ab dem 27.4. \u00f6ffnet das Land Niedersachsen seine Schulen schrittweise wieder \u2013 zun\u00e4chst f\u00fcr die Abschlussklassen. F\u00fcr die anderen Klassenstufen ist eine R\u00fcckkehr zum Unterrichtsbetrieb stufenweise ab dem 4.5. vorgesehen.  <a href=\"https:\/\/www.mk.niedersachsen.de\/startseite\/aktuelles\/presseinformationen\/schrittweise-wiedereroffnung-der-schulen-notbetreuung-in-kitas-wird-ausgeweitet-187510.html\" target=\"_blank\" rel=\"noreferrer noopener\" aria-label=\"Mehr Infos. (\u00f6ffnet in neuem Tab)\">Mehr Infos.<\/a> <\/p>\n\n\n\n<p><strong>Nordrhein-Westfalen: <\/strong>Die Wieder\u00f6ffnung startet schrittweise nach den Osterferien, also ab dem 20.4.2020, beginnend mit einer Vorbereitungsphase f\u00fcr die Lehrkr\u00e4fte. Als erstes nehmen dann diejenigen Sch\u00fclerinnen und Sch\u00fcler, die vor Abschlusspr\u00fcfungen und Schulabschl\u00fcssen stehen den Unterricht wieder auf.  <a href=\"https:\/\/www.schulministerium.nrw.de\/docs\/Recht\/Schulgesundheitsrecht\/Infektionsschutz\/300-Coronavirus\/FAQneu_Coronavirus_Wiederaufnahme\/index.html\" target=\"_blank\" rel=\"noreferrer noopener\" aria-label=\"Mehr Infos. (\u00f6ffnet in neuem Tab)\">Mehr Infos.<\/a> <\/p>\n\n\n\n<p><strong>Rheinland-Pfalz: <\/strong>In Rheinland-Pfalz wurde die schrittweise Wieder\u00f6ffnung der Schulen zum 4.5. beschlossen. Priorit\u00e4t bei der Wiederaufnahme des Unterrichts haben Sch\u00fclerinnen und Sch\u00fcler der Abschlussklassen, der qualifikationsrelevanten Jahrg\u00e4nge der allgemeinbildenden und berufsbildenden Schulen sowie die letzte Grundschulklasse.  <a href=\"https:\/\/corona.rlp.de\/index.php?id=33550\" target=\"_blank\" rel=\"noreferrer noopener\" aria-label=\"Mehr Infos.  (\u00f6ffnet in neuem Tab)\">Mehr Infos. <\/a><\/p>\n\n\n\n<p><strong>Saarland: <\/strong>Das Saarland vermeldet, die Schlie\u00dfung der Schulen bis zum Ende der Osterferien (26.4.) aufrechtzuerhalten.  <a href=\"https:\/\/www.saarland.de\/SID-BFB60F73-E4840ADB\/59844_254167.htm\" target=\"_blank\" rel=\"noreferrer noopener\" aria-label=\"Mehr Infos.  (\u00f6ffnet in neuem Tab)\">Mehr Infos. <\/a><\/p>\n\n\n\n<p><strong>Sachsen:<\/strong> In Sachsen \u00f6ffnen ab dem 20.4. die Schulen f\u00fcr die Lehrkr\u00e4fte zwecks Unterrichts- und Pr\u00fcfungsvorbereitung. Priorit\u00e4t bei der darauf folgenden \u00d6ffnung f\u00fcr Sch\u00fclerinnen und Sch\u00fcler haben die Abschlussklassen.  <a href=\"https:\/\/www.bildung.sachsen.de\/blog\/index.php\/2020\/04\/15\/schulen-fuer-alle-abschlussklassen-geoeffnet\/\" target=\"_blank\" rel=\"noreferrer noopener\" aria-label=\"Mehr Infos.  (\u00f6ffnet in neuem Tab)\">Mehr Infos. <\/a><\/p>\n\n\n\n<p><strong>Sachsen-Anhalt: <\/strong>Die Schulen in Sachsen-Anhalt beginnen am 23.4. mit den Pr\u00fcfungsvorbereitungen. Dazu nehmen alle Schulen, in denen Abschlussjahrg\u00e4nge beschult werden, den Betrieb auf und f\u00fchren pr\u00fcfungsvorbereitenden Unterricht durch.  <a href=\"https:\/\/mb.sachsen-anhalt.de\/start\/\" target=\"_blank\" rel=\"noreferrer noopener\" aria-label=\"Mehr Infos.  (\u00f6ffnet in neuem Tab)\">Mehr Infos. <\/a><\/p>\n\n\n\n<p><strong>Schleswig-Holstein: <\/strong>Schleswig-Holstein startet ab dem 21.4. mit den Abiturklausuren. Die \u00d6ffnung der Schulen f\u00fcr alle weiteren Sch\u00fclerinnen und Sch\u00fcler erfolgt danach schrittweise.  <a href=\"https:\/\/www.schleswig-holstein.de\/DE\/Landesregierung\/III\/_startseite\/Artikel_2020\/04_April\/200408_abitur.html;jsessionid=B078A3F4E2FD58CF07AB9D1AA6AF4269.delivery1-replication\" target=\"_blank\" rel=\"noreferrer noopener\" aria-label=\"Mehr Infos. (\u00f6ffnet in neuem Tab)\">Mehr Infos.<\/a> <\/p>\n\n\n\n<p><strong>Th\u00fcringen:<\/strong> Der Pr\u00e4senzunterricht f\u00fcr Sch\u00fclerinnen und Sch\u00fcler in Th\u00fcringen wird ab dem 27.4. wieder aufgenommen, beginnend mit den Abiturientinnen und Abiturienten sowie den Abschlussklassen der h\u00f6heren Berufsfachschule der Fachrichtung Altenpflege. F\u00fcr alle weiteren Sch\u00fclerinnen und Sch\u00fcler hat das Land eine Staffelung bis 11.5. ausgearbeitet.  <a href=\"https:\/\/bildung.thueringen.de\/ministerium\/medienservice\/detailseite\/schrittweise-oeffnung-der-schulen-und-kindergaerten-in-thueringen\/\" target=\"_blank\" rel=\"noreferrer noopener\" aria-label=\"Mehr Infos. (\u00f6ffnet in neuem Tab)\">Mehr Infos.<\/a> <\/p>","protected":false},"excerpt":{"rendered":"<p>Die Regelungen zur Wieder\u00f6ffung der Schulen erfolgen landesspezifisch und stets unter Vorbehalt der Entwicklung der Infektionszahlen. Die folgenden Angaben geben den Stand vom 22.4.2020 an. Unter den genannten Links sind jeweils tagesaktuelle Informationen abrufbar.<\/p>","protected":false},"author":8,"featured_media":0,"comment_status":"open","ping_status":"open","sticky":false,"template":"","format":"standard","meta":{"footnotes":""},"categories":[176,1],"tags":[910,911,912,913,914,915,916],"class_list":["post-1949","post","type-post","status-publish","format-standard","hentry","category-infoseiten","category-unkategorisiert","tag-corona","tag-schulschliessung","tag-schuloeffnung","tag-schulbetrieb","tag-wiederoeffnung","tag-unterrichtsaufnahme","tag-bundeslaender"],"aioseo_notices":[],"publishpress_future_action":{"enabled":false,"date":"2026-05-06 10:50:07","action":"change-status","newStatus":"draft","terms":[],"taxonomy":"category","extraData":[]},"publishpress_future_workflow_manual_trigger":{"enabledWorkflows":[]},"_links":{"self":[{"href":"https:\/\/www.lehrcare.de\/en\/wp-json\/wp\/v2\/posts\/1949","targetHints":{"allow":["GET"]}}],"collection":[{"href":"https:\/\/www.lehrcare.de\/en\/wp-json\/wp\/v2\/posts"}],"about":[{"href":"https:\/\/www.lehrcare.de\/en\/wp-json\/wp\/v2\/types\/post"}],"author":[{"embeddable":true,"href":"https:\/\/www.lehrcare.de\/en\/wp-json\/wp\/v2\/users\/8"}],"replies":[{"embeddable":true,"href":"https:\/\/www.lehrcare.de\/en\/wp-json\/wp\/v2\/comments?post=1949"}],"version-history":[{"count":5,"href":"https:\/\/www.lehrcare.de\/en\/wp-json\/wp\/v2\/posts\/1949\/revisions"}],"predecessor-version":[{"id":1954,"href":"https:\/\/www.lehrcare.de\/en\/wp-json\/wp\/v2\/posts\/1949\/revisions\/1954"}],"wp:attachment":[{"href":"https:\/\/www.lehrcare.de\/en\/wp-json\/wp\/v2\/media?parent=1949"}],"wp:term":[{"taxonomy":"category","embeddable":true,"href":"https:\/\/www.lehrcare.de\/en\/wp-json\/wp\/v2\/categories?post=1949"},{"taxonomy":"post_tag","embeddable":true,"href":"https:\/\/www.lehrcare.de\/en\/wp-json\/wp\/v2\/tags?post=1949"}],"curies":[{"name":"wp","href":"https:\/\/api.w.org\/{rel}","templated":true}]}}