{"id":1924,"date":"2020-01-05T12:49:24","date_gmt":"2020-01-05T10:49:24","guid":{"rendered":"https:\/\/www.lehrcare.de\/blog\/?p=1924"},"modified":"2019-12-20T08:55:53","modified_gmt":"2019-12-20T06:55:53","slug":"steuertipps-fuer-lehrkraefte-stand-2020","status":"publish","type":"post","link":"https:\/\/www.lehrcare.de\/en\/steuertipps-fuer-lehrkraefte-stand-2020\/","title":{"rendered":"Steuertipps f\u00fcr Lehrkr\u00e4fte (Stand: 2020)"},"content":{"rendered":"<p>Lehrkr\u00e4fte\nm\u00fcssen f\u00fcr die sachgem\u00e4\u00dfe Vor- und Nachbereitung ihres\nUnterrichts immer wieder Ausgaben t\u00e4tigen. Diese sogenannten\n\u201eberufsbedingten Aufwendungen\u201c werden im Falle von Lehrerinnen\nund Lehrern zu einem gro\u00dfen Teil als ebensolche anerkannt und k\u00f6nnen\nzu deutlichen Steuersenkungen f\u00fchren. Wichtig ist stets: Der Bezug\nzur beruflichen Verwendung muss klar erkennbar sein. \n<\/p>\n\n\n\n<p><strong>Fachliteratur:<\/strong>\nUnter Fachliteratur fallen bei Lehrkr\u00e4ften  p\u00e4dagogische oder\nandere Fachzeitschriften, die zur pers\u00f6nlichen beruflichen\nWeiterbildung dienen. Klar berufsbezogen \u2013 und damit steuerlich\nrelevant \u2013 sind auch im Unterricht verwendete Lekt\u00fcren, also\nbeispielsweise Bestseller. Da sich hier jedoch eine Grauzone auftut,\nist es sinnvoll, die rein berufliche Verwendung beispielsweise eines\nJugendbuchs in der Steuererkl\u00e4rung schriftlich zu begr\u00fcnden.\nWichtig: Kaufbelege von B\u00fcchern m\u00fcssen immer den vollen Titel\nenthalten. Die Angabe \u201eFachbuch\u201c auf der Quittung gen\u00fcgt nicht.<\/p>\n\n\n\n<p><strong>Kommunikationsaufwendungen:\n<\/strong>Hierzu z\u00e4hlen Telefon- und\nInternetkosten vom heimischen Anschluss. Ein pauschaler Betrag\nvon 20 Euro pro Monat wird dabei meist als Werbungskosten ohne\nEinzelnachweis anerkannt. \n<\/p>\n\n\n\n<p><strong>B\u00fcromaterialien\nund Arbeitsmittel:<\/strong> Hierzu geh\u00f6ren s\u00e4mtliche Schreibutensilien,\nDruckerpapier, Hefter und Ordner, Druckerpatronen, Kopierkarten,\nTaschenrechner, beruflich genutzter PC\/Laptop\/Tablet sowie\nAktentaschen bzw. Schultaschen.<\/p>\n\n\n\n<p><strong>Arbeitszimmer und Einrichtung:<\/strong> Hier sind Lehrkr\u00e4fte gegen\u00fcber anderen Berufsgruppen klar im Vorteil: Sofern das h\u00e4usliche Arbeitszimmer in die Wohnung eingebunden ist und nahezu ausschlie\u00dflich beruflich genutzt wird, ist es steuerlich absetzbar. Detaillierte Infos im Blog-Beitrag <a href=\"https:\/\/www.lehrcare.de\/en\/blog\/so-setzen-lehrkraefte-das-heimische-arbeitszimmer-steuerlich-ab\/\" target=\"_blank\" rel=\"noreferrer noopener\" aria-label=\" (\u00f6ffnet in neuem Tab)\">\u201eSo setzen Lehrkr\u00e4fte das heimische Arbeitszimmer steuerlich ab\u201c.<\/a><\/p>\n\n\n\n<p><strong>Fahrtkosten:<\/strong>\nF\u00fcr Fahrten zwischen Wohnort und Schule k\u00f6nnen Lehrkr\u00e4fte bei der\nSteuererkl\u00e4rung pro Arbeitstag f\u00fcr jeden Kilometer der einfachen\nWegstrecke 30 Cent Fahrtkosten geltend machen. Bei Nutzung\n\u00f6ffentlicher Verkehrsmittel k\u00f6nnen \u2013 falls diese h\u00f6her sind \u2013\ndie tats\u00e4chlichen Fahrtkosten abgesetzt werden. Hierf\u00fcr m\u00fcssen\njedoch die entsprechenden Belege (= Fahrkarten) vorgelegt werden.<\/p>\n\n\n\n<p><strong>Fortbildungen\nund Beitr\u00e4ge: <\/strong>Sowohl die Kosten von Ma\u00dfnahmen an sich, als auch\ndaf\u00fcr anfallende Fahrt- und ggf. \u00dcbernachtungskosten k\u00f6nnen als\nWerbungskosten geltend gemacht werden. Voraussetzung: Die Ma\u00dfnahme\nmuss der Lehrt\u00e4tigkeit dienen (beispielsweise Schulung zu\np\u00e4dagogischen Methoden oder Technikneuerungen). Auch\nMitgliedsbeitr\u00e4ge, etwa zu Berufsverb\u00e4nden, sind steuerlich\nrelevant.<\/p>\n\n\n\n<p>Quellen:  <\/p>\n\n\n\n<ul class=\"wp-block-list\"><li> http:\/\/dlg-lohnsteuer.de\/mitgliedschaft\/steuertipps\/steuertipps-fur-lehrer\/ <\/li><li> https:\/\/www.betzold.de\/blog\/steuer\/ <\/li><\/ul>","protected":false},"excerpt":{"rendered":"<p>Lehrkr\u00e4fte m\u00fcssen f\u00fcr die sachgem\u00e4\u00dfe Vor- und Nachbereitung ihres Unterrichts immer wieder Ausgaben t\u00e4tigen. Diese sogenannten \u201eberufsbedingten Aufwendungen\u201c werden im Falle von Lehrerinnen und Lehrern zu einem gro\u00dfen Teil als ebensolche anerkannt und k\u00f6nnen zu deutlichen Steuersenkungen f\u00fchren. Wichtig ist stets: Der Bezug zur beruflichen Verwendung muss klar erkennbar sein.  <\/p>","protected":false},"author":8,"featured_media":0,"comment_status":"open","ping_status":"open","sticky":false,"template":"","format":"standard","meta":{"footnotes":""},"categories":[119,176,180,140],"tags":[710,780,905],"class_list":["post-1924","post","type-post","status-publish","format-standard","hentry","category-der_lehrerberuf","category-infoseiten","category-links-tipps","category-gehalter","tag-steuer","tag-steuererklaerung","tag-steuerspartipps"],"aioseo_notices":[],"publishpress_future_action":{"enabled":false,"date":"2026-05-08 09:17:35","action":"change-status","newStatus":"draft","terms":[],"taxonomy":"category","extraData":[]},"publishpress_future_workflow_manual_trigger":{"enabledWorkflows":[]},"_links":{"self":[{"href":"https:\/\/www.lehrcare.de\/en\/wp-json\/wp\/v2\/posts\/1924","targetHints":{"allow":["GET"]}}],"collection":[{"href":"https:\/\/www.lehrcare.de\/en\/wp-json\/wp\/v2\/posts"}],"about":[{"href":"https:\/\/www.lehrcare.de\/en\/wp-json\/wp\/v2\/types\/post"}],"author":[{"embeddable":true,"href":"https:\/\/www.lehrcare.de\/en\/wp-json\/wp\/v2\/users\/8"}],"replies":[{"embeddable":true,"href":"https:\/\/www.lehrcare.de\/en\/wp-json\/wp\/v2\/comments?post=1924"}],"version-history":[{"count":4,"href":"https:\/\/www.lehrcare.de\/en\/wp-json\/wp\/v2\/posts\/1924\/revisions"}],"predecessor-version":[{"id":1928,"href":"https:\/\/www.lehrcare.de\/en\/wp-json\/wp\/v2\/posts\/1924\/revisions\/1928"}],"wp:attachment":[{"href":"https:\/\/www.lehrcare.de\/en\/wp-json\/wp\/v2\/media?parent=1924"}],"wp:term":[{"taxonomy":"category","embeddable":true,"href":"https:\/\/www.lehrcare.de\/en\/wp-json\/wp\/v2\/categories?post=1924"},{"taxonomy":"post_tag","embeddable":true,"href":"https:\/\/www.lehrcare.de\/en\/wp-json\/wp\/v2\/tags?post=1924"}],"curies":[{"name":"wp","href":"https:\/\/api.w.org\/{rel}","templated":true}]}}