{"id":1907,"date":"2019-11-19T06:28:01","date_gmt":"2019-11-19T04:28:01","guid":{"rendered":"https:\/\/www.lehrcare.de\/blog\/?p=1907"},"modified":"2019-11-15T12:33:32","modified_gmt":"2019-11-15T10:33:32","slug":"digitalisierung-27-anlaufstellen-fuer-informationen","status":"publish","type":"post","link":"https:\/\/www.lehrcare.de\/en\/digitalisierung-27-anlaufstellen-fuer-informationen\/","title":{"rendered":"Digitalisierung \u2013 27 Anlaufstellen f\u00fcr Informationen"},"content":{"rendered":"<p>Der Digitalpakt Schule stellt finanzielle Mittel f\u00fcr eine digitale Infrastruktur an Schulen bereit. Die L\u00e4nder hingegen sind zust\u00e4ndig f\u00fcr die administrative Umsetzung des Digitalpakts. Sie stellen sicher, dass die Schulen medienp\u00e4dagogische Konzepte erstellt haben und pr\u00fcfen, ob bei den Antragstellern (in der Regel Kommunen als Schultr\u00e4ger und freie Schultr\u00e4ger) Konzepte zur Sicherstellung von Betrieb, Support und Wartung vorliegen. \u00dcberdies sind die L\u00e4nder zust\u00e4ndig f\u00fcr die Qualifizierung von Lehrkr\u00e4ften \u2013 von Lehrerbildung \u00fcber das Referendariat bis hin zur Weiterbildung. Folgende Anlaufstellen informieren und unterst\u00fctzen bei der Ann\u00e4herung an das Thema digitale Bildung:<\/p>\n\n\n\n<ul class=\"wp-block-list\"><li><a rel=\"noreferrer noopener\" aria-label=\"Bundesbildungsministerium (\u00f6ffnet in neuem Tab)\" href=\"https:\/\/www.bmbf.de\/de\/wissenswertes-zum-digitalpakt-schule-6496.php\" target=\"_blank\">Bundesbildungsministerium<\/a>: Infoseite zum Digitalpakt Schule. Hier finden Schulen, Lehrkr\u00e4fte und Schultr\u00e4ger Antworten auf Fragen rund um F\u00f6rdergelder, Weiterbildungsma\u00dfnahmen und die empfohlene Verwendung der Gelder.<\/li><\/ul>\n\n\n\n<ul class=\"wp-block-list\"><li><a href=\"https:\/\/bvdb.org\/\" target=\"_blank\" rel=\"noreferrer noopener\" aria-label=\"Bundesverband Digitale Bildung (\u00f6ffnet in neuem Tab)\">Bundesverband Digitale Bildung<\/a>: Der Bundesverband Digitale Bildung e.V. ist ein Netzwerk aus Bildungsinstitutionen, Unternehmen, Wissenschaft und Politik. Er wird getragen von der Vision der Digitalen Transformation.<\/li><\/ul>\n\n\n\n<ul class=\"wp-block-list\"><li><a href=\"https:\/\/www.bmbf.de\/upload_filestore\/pub\/BMBF_Digitalstrategie.pdf\" target=\"_blank\" rel=\"noreferrer noopener\" aria-label=\"Digitalstrategie des Bundesbildungsministeriums: (\u00f6ffnet in neuem Tab)\">Digitalstrategie des Bundesbildungsministeriums:<\/a> Grundlegendes Positionspapier des Bundesbildungsministeriums zur Planung, zu Strategien und zur Umsetzung verschiedenster Digitalisierungsma\u00dfnahmen.<\/li><\/ul>\n\n\n\n<ul class=\"wp-block-list\"><li><a href=\"https:\/\/www.buchmesse.de\/highlights\/bildung\" target=\"_blank\" rel=\"noreferrer noopener\" aria-label=\"Frankfurt EDU: (\u00f6ffnet in neuem Tab)\">Frankfurt EDU:<\/a> Frankfurt EDU ist eine internationale Plattform f\u00fcr innovative Konzepte, Inhalte und Technologien der Bildungsbranche.  In Kooperation mit der Buchmesse Frankfurt. <\/li><\/ul>\n\n\n\n<ul class=\"wp-block-list\"><li><a rel=\"noreferrer noopener\" aria-label=\"Netzwerk digitale Bildung (\u00f6ffnet in neuem Tab)\" href=\"https:\/\/www.netzwerk-digitale-bildung.de\/information\/schule\/\" target=\"_blank\">Netzwerk digitale Bildung<\/a>: Im Netzwerk digitale Bildung sind Akteure aus Schule, Hochschule und Arbeitswelt miteinander verbunden zum Austausch und Wissenstransfer. F\u00fcr Lehrkr\u00e4fte besonders interessant ist das separate Netzwerk f\u00fcr engagierte Lehrkr\u00e4fte, Schulleitungen und Technikkoordinatoren in Schulen.<\/li><\/ul>\n\n\n\n<ul class=\"wp-block-list\"><li><a href=\"https:\/\/initiatived21.de\/uber-uns\/\" target=\"_blank\" rel=\"noreferrer noopener\" aria-label=\"Initiative D21: (\u00f6ffnet in neuem Tab)\">Initiative D21:<\/a> Die Initiative D21 ist Deutschlands gr\u00f6\u00dftes gemeinn\u00fctziges Netzwerk f\u00fcr die Digitale Gesellschaft, bestehend aus Wirtschaft, Politik, Wissenschaft und Zivilgesellschaft. Das Netzwerk unterh\u00e4lt verschiedene Arbeitsgruppen, organisiert Veranstaltungen und ver\u00f6ffentlicht \u201eLagebilder f\u00fcr die digitale Gesellschaft\u201c.<\/li><\/ul>\n\n\n\n<ul class=\"wp-block-list\"><li><a href=\"https:\/\/www.gfdb.de\/\" target=\"_blank\" rel=\"noreferrer noopener\" aria-label=\" (\u00f6ffnet in neuem Tab)\">Gesellschaft f\u00fcr digitale Bildung:<\/a> Kommerzieller Anbieter von Fortbildungen und Trainings zu Themen rund um die digitale Bildung.\u00a0 Im Zentrum steht dabei die Implementierung von digitalen Endger\u00e4ten im Unterricht. Daf\u00fcr kooperiert die Gesellschaft f\u00fcr digitale Bildung mit entsprechenden Herstellern.<\/li><\/ul>\n\n\n\n<ul class=\"wp-block-list\"><li><a href=\"https:\/\/fobizz.com\/\" target=\"_blank\" rel=\"noreferrer noopener\" aria-label=\"Fobizz \u2013 Online-Fortbildungen f\u00fcr Lehrkr\u00e4fte: (\u00f6ffnet in neuem Tab)\">Fobizz \u2013 Online-Fortbildungen f\u00fcr Lehrkr\u00e4fte:<\/a> Kommerzieller Anbieter von online-basierten Fortbildungen f\u00fcr Lehrkr\u00e4fte, darunter u.a. Themen wie Einsatz digitaler Medien im Unterricht, Grundlagen des Programmierens, Methoden und didaktische Konzepte.<\/li><\/ul>\n\n\n\n<ul class=\"wp-block-list\"><li><a href=\"https:\/\/www.bertelsmann-stiftung.de\/de\/unsere-projekte\/teilhabe-in-einer-digitalisierten-welt\/monitor\/materialsammlung-monitor-digitale-bildung\/\" target=\"_blank\" rel=\"noreferrer noopener\" aria-label=\"Materialsammlung Monitor Digitale Bildung: (\u00f6ffnet in neuem Tab)\">Materialsammlung Monitor Digitale Bildung:<\/a> Die Materialsammlung Monitor Digitale Bildung gibt \u2013 als Resultat einer Studie der Bertelsmann Stiftung \u2013 Auskunft \u00fcber den Ist-Zustand an deutschen Bildungsinstitutionen in Sachen digitale Bildung und visualisiert die daf\u00fcr angesetzten Befragungs-Parameter.<\/li><\/ul>\n\n\n\n<ul class=\"wp-block-list\"><li><a href=\"https:\/\/www.qualitaetsoffensive-lehrerbildung.de\/de\/schaufenster-digitale-bildung-szenarien-und-medienpaedagogik-1740.html\" target=\"_blank\" rel=\"noreferrer noopener\" aria-label=\"Qualit\u00e4tsoffensive Lehrerfortbildung: (\u00f6ffnet in neuem Tab)\">Qualit\u00e4tsoffensive Lehrerfortbildung:<\/a> Die \u201eQualit\u00e4tsoffensive Lehrerbildung\u201c ist ein Ma\u00dfnahmenpaket von Bund und L\u00e4ndern zur Qualifizierung und Weiterbildung von Lehrkr\u00e4ften in Sachen digitale Bildung. Die\u00a0 Qualit\u00e4tsoffensive bezieht auch die Curricula der Hochschulen sowie s\u00e4mtliche Instanzen der Lehrerausbildung ein.<\/li><\/ul>\n\n\n\n<ul class=\"wp-block-list\"><li><a href=\"https:\/\/www.buendnis-fuer-digitale-bildung.de\/\" target=\"_blank\" rel=\"noreferrer noopener\" aria-label=\"B\u00fcndnis f\u00fcr digitale Bildung: (\u00f6ffnet in neuem Tab)\">B\u00fcndnis f\u00fcr digitale Bildung:<\/a> Engagierter Zusammenschluss aus Lehrkr\u00e4ften, Sch\u00fclerinnen und Sch\u00fclern sowie Eltern, mit Unterst\u00fctzung eines Medienberaters. Liefert Erfahrungsberichte, Tipps sowie Einsch\u00e4tzungen aus der t\u00e4glichen Schulpraxis.<\/li><\/ul>\n\n\n\n<ul class=\"wp-block-list\"><li><a rel=\"noreferrer noopener\" aria-label=\"Smart Camps \u2013 Digitale Bildung f\u00fcr Sch\u00fcler, Lehrer und Azubis: (\u00f6ffnet in neuem Tab)\" href=\"https:\/\/www.smart-camps.de\/\" target=\"_blank\">Smart Camps \u2013 Digitale Bildung f\u00fcr Sch\u00fcler, Lehrer und Azubis:<\/a> Unabh\u00e4ngiger kommerzieller Anbieter von kostenlosen Workshops f\u00fcr Schulen mit Inhalten wie Mediennutzung, Soziale Medien, Umgang mit digitalen Endger\u00e4ten, Verfassen von Beitr\u00e4gen f\u00fcrs Web u.a.<\/li><\/ul>\n\n\n\n<h4 class=\"wp-block-heading\"><strong>Anlaufstellen in den Bundesl\u00e4ndern<\/strong><\/h4>\n\n\n\n<ul class=\"wp-block-list\"><li><a href=\"https:\/\/km-bw.de\/Kultusministerium,Lde\/Startseite\/Schule\/Digitalisierung\" target=\"_blank\" rel=\"noreferrer noopener\" aria-label=\"Baden-W\u00fcrttemberg (\u00f6ffnet in neuem Tab)\">Baden-Wuerttemberg<\/a><\/li><\/ul>\n\n\n\n<ul class=\"wp-block-list\"><li><a href=\"http:\/\/www.digitale-schule-bayern.de\/\" target=\"_blank\" rel=\"noreferrer noopener\" aria-label=\"Bayern (\u00f6ffnet in neuem Tab)\">Bavaria<\/a><\/li><\/ul>\n\n\n\n<ul class=\"wp-block-list\"><li><a href=\"http:\/\/www.schulewirtschaft-berlin-brandenburg.de\/digitale-bildung\/\" target=\"_blank\" rel=\"noreferrer noopener\" aria-label=\"Berlin\/Brandenburg (\u00f6ffnet in neuem Tab)\">Berlin\/Brandenburg<\/a><\/li><\/ul>\n\n\n\n<ul class=\"wp-block-list\"><li><a href=\"https:\/\/www.lis.bremen.de\/medien\/neues_lernen_mit_medien-32089\" target=\"_blank\" rel=\"noreferrer noopener\" aria-label=\"Bremen (\u00f6ffnet in neuem Tab)\">Bremen<\/a><\/li><\/ul>\n\n\n\n<ul class=\"wp-block-list\"><li><a href=\"https:\/\/li.hamburg.de\/tagungen\/8692806\/digitalisierungsforum\/\" target=\"_blank\" rel=\"noreferrer noopener\" aria-label=\"Hamburg (\u00f6ffnet in neuem Tab)\">Hamburg<\/a><\/li><\/ul>\n\n\n\n<ul class=\"wp-block-list\"><li><a href=\"https:\/\/digitale-schule.hessen.de\/\" target=\"_blank\" rel=\"noreferrer noopener\" aria-label=\" (\u00f6ffnet in neuem Tab)\">Hesse<\/a><\/li><\/ul>\n\n\n\n<ul class=\"wp-block-list\"><li><a href=\"https:\/\/www.bildung-mv.de\/schueler\/schule-und-unterricht\/digitale-bildung\/\" target=\"_blank\" rel=\"noreferrer noopener\" aria-label=\"Mecklenburg-Vorpommern (\u00f6ffnet in neuem Tab)\">Mecklenburg-Western Pomerania<\/a><\/li><\/ul>\n\n\n\n<ul class=\"wp-block-list\"><li><a href=\"https:\/\/digitaleschule.niedersachsen.de\/startseite\/\" target=\"_blank\" rel=\"noreferrer noopener\" aria-label=\" (\u00f6ffnet in neuem Tab)\">Lower Saxony<\/a><\/li><\/ul>\n\n\n\n<ul class=\"wp-block-list\"><li><a href=\"https:\/\/digitale-schule.nrw\/\" target=\"_blank\" rel=\"noreferrer noopener\" aria-label=\"Nordrhein-Westfalen (\u00f6ffnet in neuem Tab)\">North Rhine-Westphalia<\/a><\/li><\/ul>\n\n\n\n<ul class=\"wp-block-list\"><li><a href=\"https:\/\/www.digital.rlp.de\/digitales-leben\/bildung\/\" target=\"_blank\" rel=\"noreferrer noopener\" aria-label=\"Rheinland-Pfalz (\u00f6ffnet in neuem Tab)\">Rhineland-Palatinate<\/a><\/li><\/ul>\n\n\n\n<ul class=\"wp-block-list\"><li><a href=\"https:\/\/typo3.lpm.uni-sb.de\/digitale_bildung_saarland\/home\/willkommen\/\" target=\"_blank\" rel=\"noreferrer noopener\" aria-label=\"Saarland (\u00f6ffnet in neuem Tab)\">Saarland<\/a><\/li><\/ul>\n\n\n\n<ul class=\"wp-block-list\"><li><a href=\"https:\/\/www.schule.sachsen.de\/23789.htm\" target=\"_blank\" rel=\"noreferrer noopener\" aria-label=\"Sachsen (\u00f6ffnet in neuem Tab)\">Saxony<\/a><\/li><\/ul>\n\n\n\n<ul class=\"wp-block-list\"><li><a href=\"https:\/\/digital.sachsen-anhalt.de\/ziele-und-handlungsfelder\/bildung-in-der-digitalen-welt\/\" target=\"_blank\" rel=\"noreferrer noopener\" aria-label=\" (\u00f6ffnet in neuem Tab)\">Saxony-Anhalt<\/a><\/li><\/ul>\n\n\n\n<ul class=\"wp-block-list\"><li><a href=\"https:\/\/www.schleswig-holstein.de\/DE\/Themen\/D\/digitales_lernen.html\" target=\"_blank\" rel=\"noreferrer noopener\" aria-label=\"Schleswig-Holstein (\u00f6ffnet in neuem Tab)\">Schleswig-Holstein<\/a><\/li><\/ul>\n\n\n\n<ul class=\"wp-block-list\"><li><a href=\"https:\/\/bildung.thueringen.de\/fileadmin\/schule\/medien\/2019-03-07_handout_digitalstrategie_und_handreichungen.pdf\" target=\"_blank\" rel=\"noreferrer noopener\" aria-label=\"Th\u00fcringen (\u00f6ffnet in neuem Tab)\">Thuringia<\/a><\/li><\/ul>","protected":false},"excerpt":{"rendered":"<p>Der Digitalpakt Schule stellt finanzielle Mittel f\u00fcr eine digitale Infrastruktur an Schulen bereit. Die L\u00e4nder hingegen sind zust\u00e4ndig f\u00fcr die administrative Umsetzung des Digitalpakts. Sie stellen sicher, dass die Schulen medienp\u00e4dagogische Konzepte erstellt haben und pr\u00fcfen, ob bei den Antragstellern (in der Regel Kommunen als Schultr\u00e4ger und freie Schultr\u00e4ger) Konzepte zur Sicherstellung von Betrieb, Support und Wartung vorliegen. \u00dcberdies sind die L\u00e4nder zust\u00e4ndig f\u00fcr die Qualifizierung von Lehrkr\u00e4ften \u2013 von Lehrerbildung \u00fcber das Referendariat bis hin zur Weiterbildung. Folgende Anlaufstellen informieren und unterst\u00fctzen bei der Ann\u00e4herung an das Thema digitale Bildung:<\/p>","protected":false},"author":8,"featured_media":0,"comment_status":"open","ping_status":"open","sticky":false,"template":"","format":"standard","meta":{"footnotes":""},"categories":[175,176,178,180,138,1],"tags":[610,753,900,901],"class_list":["post-1907","post","type-post","status-publish","format-standard","hentry","category-foren-und-plattformen-fur-lehrkraefte","category-infoseiten","category-fortbildungseinrichtungen-fur-lehrkraefte","category-links-tipps","category-weiterbildung-fuer-lehrkraefte","category-unkategorisiert","tag-digitalisierung","tag-lehrerbildung","tag-digitalpakt","tag-digitales-lernen"],"aioseo_notices":[],"publishpress_future_action":{"enabled":false,"date":"2026-05-06 13:01:57","action":"change-status","newStatus":"draft","terms":[],"taxonomy":"category","extraData":[]},"publishpress_future_workflow_manual_trigger":{"enabledWorkflows":[]},"_links":{"self":[{"href":"https:\/\/www.lehrcare.de\/en\/wp-json\/wp\/v2\/posts\/1907","targetHints":{"allow":["GET"]}}],"collection":[{"href":"https:\/\/www.lehrcare.de\/en\/wp-json\/wp\/v2\/posts"}],"about":[{"href":"https:\/\/www.lehrcare.de\/en\/wp-json\/wp\/v2\/types\/post"}],"author":[{"embeddable":true,"href":"https:\/\/www.lehrcare.de\/en\/wp-json\/wp\/v2\/users\/8"}],"replies":[{"embeddable":true,"href":"https:\/\/www.lehrcare.de\/en\/wp-json\/wp\/v2\/comments?post=1907"}],"version-history":[{"count":6,"href":"https:\/\/www.lehrcare.de\/en\/wp-json\/wp\/v2\/posts\/1907\/revisions"}],"predecessor-version":[{"id":1913,"href":"https:\/\/www.lehrcare.de\/en\/wp-json\/wp\/v2\/posts\/1907\/revisions\/1913"}],"wp:attachment":[{"href":"https:\/\/www.lehrcare.de\/en\/wp-json\/wp\/v2\/media?parent=1907"}],"wp:term":[{"taxonomy":"category","embeddable":true,"href":"https:\/\/www.lehrcare.de\/en\/wp-json\/wp\/v2\/categories?post=1907"},{"taxonomy":"post_tag","embeddable":true,"href":"https:\/\/www.lehrcare.de\/en\/wp-json\/wp\/v2\/tags?post=1907"}],"curies":[{"name":"wp","href":"https:\/\/api.w.org\/{rel}","templated":true}]}}