{"id":1857,"date":"2019-07-14T13:40:58","date_gmt":"2019-07-14T11:40:58","guid":{"rendered":"https:\/\/www.lehrcare.de\/blog\/?p=1857"},"modified":"2019-11-19T10:20:10","modified_gmt":"2019-11-19T08:20:10","slug":"gewaltpraevention-zehn-massnahmen-und-projekte","status":"publish","type":"post","link":"https:\/\/www.lehrcare.de\/en\/gewaltpraevention-zehn-massnahmen-und-projekte\/","title":{"rendered":"Gewaltpr\u00e4vention \u2013 zehn Ma\u00dfnahmen und Projekte"},"content":{"rendered":"<p>Mit welchen Formen von Gewalt sind Schulen konfrontiert und wie kann sinnvolle Pr\u00e4vention aussehen? Diese Frage er\u00f6rterten im Herbst 2018 \u00fcber 50 Experten auf einer Fachtagung im nordrhein-westf\u00e4lischen Schulministerium. Die Essenz des Kongresses wurde nun in einem 10-Punkte-Pr\u00e4ventionsplan zusammengefasst und Mitte Mai in Nordrhein-Westfalen als \u201eAktionsplan gegen Diskriminierung und Gewalt an Schulen\u201c vorgestellt.<\/p>\n\n\n\n<h3 class=\"wp-block-heading\">Die zehn Punkte<\/h3>\n\n\n\n<ol class=\"wp-block-list\"><li><strong>Beobachten und evaluieren:<\/strong> Um k\u00fcnftig schneller und effizienter auf Gewaltph\u00e4nomene reagieren zu k\u00f6nnen, sollen mittels eines wissenschaftlichen Forschungsauftrags Daten zu Gewaltvorkommen und -ursachen an Schulen erhoben und Pr\u00e4ventionsma\u00dfnahmen evaluiert werden.<\/li><li><strong>Aufstockung des Schulpsychologischen Dienstes:<\/strong> Zus\u00e4tzliche Stellen f\u00fcr Schulpsychologen und -psychologinnen sowie f\u00fcr sozialp\u00e4dagogische Fachkr\u00e4fte werden geschaffen.<\/li><li><strong>Rechtssituation kl\u00e4ren:<\/strong> Es werden neue, klarere Richtlinien f\u00fcr die Meldepflicht einzelner Straftaten (z.B. antisemitische Straftaten) im schulischen Umfeld erstellt.<\/li><li><strong>St\u00e4rkung der Schulleitungen:<\/strong> Das Thema \u201eGewalt im Umfeld von Schulen\u201c wird noch st\u00e4rker als bisher in die Aus- und Fortbildungen von Schulleitungen aufgenommen.<\/li><li><strong>Beratung und Begleitung:<\/strong> Durch neu entstehende schulische Teams sowie durch von Externen durchgef\u00fchrte Programme (z.B. \u201eSchule ohne Rassismus \u2013Schule mit Courage\u201c) werden die Schulen gest\u00e4rkt.<\/li><li><strong>Themenwoche:<\/strong> Im Fr\u00fchjahr 2020 und im Fr\u00fchjahr 2022 ist die Durchf\u00fchrung einer \u201eWoche f\u00fcr Demokratie und Respekt\u201c geplant.<\/li><li><strong>Weitergabe von Materialien:<\/strong> Schulen erhalten 2020 einen Notfallordner (gedruckt sowie digital) mit Handlungsempfehlungen f\u00fcr Krisen- und Notfallsituationen.<\/li><li><strong>Fortbildung:<\/strong> Lehr- und Fachkr\u00e4fte werden im Sinne dieses Aktionsplans geschult und weitergebildet.<\/li><li><strong>Beratungstelefon:<\/strong> Lehrerinnen und Lehrern steht k\u00fcnftig das kostenfreie Beratungstelefon \u201eSprech:ZEIT 24\/7\u201c zur Verf\u00fcgung. <\/li><li><strong>Austausch und Weiterentwicklung:<\/strong> Der Austausch aller am Schulleben Beteiligten sowie die Weiterentwicklung des Aktionsplans wird gef\u00f6rdert.<\/li><\/ol>\n\n\n\n<h3 class=\"wp-block-heading\">Weitere Informationen<\/h3>\n\n\n\n<p><a rel=\"noreferrer noopener\" aria-label=\" (\u00f6ffnet in neuem Tab)\" href=\"https:\/\/www.schulministerium.nrw.de\/docs\/bp\/Ministerium\/Presse\/Pressemitteilungen\/2019_17_LegPer\/PM20190517_Aktionsplan-Gewaltpraevention\/190517_Faktenblatt.pdf \" target=\"_blank\">Faktenblatt <\/a>zum \u201eAktionsplan gegen Diskriminierung und Gewalt an Schulen\u201c<br><a rel=\"noreferrer noopener\" aria-label=\"Kurse  (\u00f6ffnet in neuem Tab)\" href=\"https:\/\/www.bundesverband-gewaltpraevention.de\/kurse\" target=\"_blank\">Kurse <\/a>des Bundesverband Gewaltpr\u00e4vention<br><a href=\"https:\/\/www.polizei-beratung.de\/themen-und-tipps\/jugendkriminalitaet\/gewalt-an-schulen\/\" target=\"_blank\" rel=\"noreferrer noopener\" aria-label=\" (\u00f6ffnet in neuem Tab)\">Polizeiliche Kriminalpr\u00e4vention<\/a> zu Gewalt an Schulen<\/p>\n\n\n\n<h3 class=\"wp-block-heading\">Informationsseiten der L\u00e4nder<\/h3>\n\n\n\n<p><strong>Baden-W\u00fcrttemberg:<\/strong> <a href=\"http:\/\/praevention-in-der-schule-bw.de\/,Lde\/Startseite\/stark_staerker_WIR_\/Gewaltpraevention\">Gewaltpr\u00e4vention an Schulen<\/a><br><strong>Bayern:<\/strong> <a rel=\"noreferrer noopener\" aria-label=\"Konflikte, Gewalt, Gewaltpr\u00e4vention (\u00f6ffnet in neuem Tab)\" href=\"https:\/\/www.km.bayern.de\/ministerium\/schule-und-ausbildung\/erziehung\/gewaltpraevention.html\" target=\"_blank\">Konflikte, Gewalt, Gewaltpr\u00e4vention<\/a> <br><strong>Berlin\/Brandenburg:<\/strong> <a rel=\"noreferrer noopener\" aria-label=\"Bildungsserver Berlin\/Brandenburg (\u00f6ffnet in neuem Tab)\" href=\"https:\/\/bildungsserver.berlin-brandenburg.de\/themen\/gewaltpraevention\/\" target=\"_blank\">Bildungsserver Berlin\/Brandenburg<\/a><br><strong>Bremen:<\/strong> <a rel=\"noreferrer noopener\" aria-label=\"Portal \u201eGewaltpr\u00e4vention\u201c (\u00f6ffnet in neuem Tab)\" href=\"https:\/\/www.rebuz.bremen.de\/angebote\/gewaltpraevention-9723\" target=\"_blank\">Portal \u201eGewaltpr\u00e4vention\u201c<\/a><br><strong>Hamburg:<\/strong> <a rel=\"noreferrer noopener\" aria-label=\"Beratungsstelle Gewaltpr\u00e4vention (\u00f6ffnet in neuem Tab)\" href=\"https:\/\/www.hamburg.de\/gewaltpraevention\/4086342\/beratungsstelle-gewaltpraevention\/\" target=\"_blank\">Beratungsstelle Gewaltpr\u00e4vention<\/a><br><strong>Hessen:<\/strong> <a rel=\"noreferrer noopener\" aria-label=\"Portal \u201eGewaltpr\u00e4vention\u201c (\u00f6ffnet in neuem Tab)\" href=\"https:\/\/kultusministerium.hessen.de\/lehrkraefte\/praevention\/gewaltpraevention \" target=\"_blank\">Portal \u201eGewaltpr\u00e4vention\u201c<\/a> <br><strong>Mecklenburg-Vorpommern:<\/strong> <a rel=\"noreferrer noopener\" aria-label=\"Gesundheitsf\u00f6rderung und Pr\u00e4vention in der Schule (\u00f6ffnet in neuem Tab)\" href=\"https:\/\/www.bildung-mv.de\/schueler\/schuelergesundheit\/\" target=\"_blank\">Gesundheitsf\u00f6rderung und Pr\u00e4vention in der Schule<\/a> <br><strong>Niedersachsen:<\/strong> <a rel=\"noreferrer noopener\" aria-label=\"Portal \u201eGewaltpr\u00e4vention\u201c (\u00f6ffnet in neuem Tab)\" href=\"https:\/\/www.mk.niedersachsen.de\/startseite\/schule\/schuelerinnen_und_schueler_eltern\/gesundheitsfoerderung_praevention\/gewaltpraevention\/\" target=\"_blank\">Portal \u201eGewaltpr\u00e4vention\u201c<\/a> <br><strong>Nordrhein-Westfalen:<\/strong> <a rel=\"noreferrer noopener\" aria-label=\"Gewaltpr\u00e4vention in NRW (\u00f6ffnet in neuem Tab)\" href=\"https:\/\/www.schulministerium.nrw.de\/docs\/Schulsystem\/Praevention\/Gewaltpraevention\/index.html\" target=\"_blank\">Gewaltpr\u00e4vention in NRW<\/a><br><strong>Rheinland-Pfalz:<\/strong> <a rel=\"noreferrer noopener\" aria-label=\"Gewalt- und Extremismuspr\u00e4vention (\u00f6ffnet in neuem Tab)\" href=\"https:\/\/gewaltpraevention.bildung-rp.de\/\" target=\"_blank\">Gewalt- und Extremismuspr\u00e4vention<\/a><br><strong>Saarland: <\/strong><a href=\"http:\/\/www.lpm.uni-sb.de\/typo3\/index.php?id=486\">Fac<\/a><a rel=\"noreferrer noopener\" aria-label=\"hgebiet \u201ePr\u00e4vention und Erziehung (\u00f6ffnet in neuem Tab)\" href=\"http:\/\/www.lpm.uni-sb.de\/typo3\/index.php?id=486\" target=\"_blank\">hgebiet \u201ePr\u00e4vention und Erziehung<\/a><a href=\"http:\/\/www.lpm.uni-sb.de\/typo3\/index.php?id=486\">\u201c<\/a> <br><strong>Sachsen:<\/strong> <a rel=\"noreferrer noopener\" aria-label=\"Themenfeld Gewaltpr\u00e4vention (\u00f6ffnet in neuem Tab)\" href=\"https:\/\/www.lernportal-sachsen-lebenskompetenz.de\/pages\/TF\/TF2_angebote.php\" target=\"_blank\">Themenfeld Gewaltpr\u00e4vention<\/a> <br><strong>Sachsen-Anhalt:<\/strong> <a rel=\"noreferrer noopener\" aria-label=\"Ma\u00dfnahmen zur Gewalt- und Suchtpr\u00e4vention (\u00f6ffnet in neuem Tab)\" href=\"https:\/\/bildung.sachsen-anhalt.de\/schulen\/faecheruebergreifende-themen\/massnahmen-zur-gewalt-und-suchtpraevention\/\" target=\"_blank\">Ma\u00dfnahmen zur Gewalt- und Suchtpr\u00e4vention<\/a> <br><strong>Schleswig-Holstein:<\/strong> <a rel=\"noreferrer noopener\" aria-label=\"Professionelle Gewaltpr\u00e4vention an Schulen in Schleswig-Holstein (\u00f6ffnet in neuem Tab)\" href=\"https:\/\/www.prima-klima-sh.de\/\" target=\"_blank\">Professionelle Gewaltpr\u00e4vention an Schulen in Schleswig-Holstein<\/a> <br><strong>Th\u00fcringen:<\/strong> <a href=\"https:\/\/www.schulportal-thueringen.de\/demokratiepaedagogik\/start\/gewaltpraevention\" target=\"_blank\" rel=\"noreferrer noopener\" aria-label=\"Gewaltpr\u00e4vention  (\u00f6ffnet in neuem Tab)\">Gewaltpr\u00e4vention <\/a><\/p>","protected":false},"excerpt":{"rendered":"<p>Mit welchen Formen von Gewalt sind Schulen konfrontiert und wie kann sinnvolle Pr\u00e4vention aussehen? <\/p>","protected":false},"author":8,"featured_media":0,"comment_status":"open","ping_status":"open","sticky":false,"template":"","format":"standard","meta":{"footnotes":""},"categories":[176,180],"tags":[238,264,882,883,884],"class_list":["post-1857","post","type-post","status-publish","format-standard","hentry","category-infoseiten","category-links-tipps","tag-beratung","tag-pravention","tag-gewaltpraevention","tag-mobbingpraevention","tag-deeskalation"],"aioseo_notices":[],"publishpress_future_action":{"enabled":false,"date":"2026-05-10 14:52:02","action":"change-status","newStatus":"draft","terms":[],"taxonomy":"category","extraData":[]},"publishpress_future_workflow_manual_trigger":{"enabledWorkflows":[]},"_links":{"self":[{"href":"https:\/\/www.lehrcare.de\/en\/wp-json\/wp\/v2\/posts\/1857","targetHints":{"allow":["GET"]}}],"collection":[{"href":"https:\/\/www.lehrcare.de\/en\/wp-json\/wp\/v2\/posts"}],"about":[{"href":"https:\/\/www.lehrcare.de\/en\/wp-json\/wp\/v2\/types\/post"}],"author":[{"embeddable":true,"href":"https:\/\/www.lehrcare.de\/en\/wp-json\/wp\/v2\/users\/8"}],"replies":[{"embeddable":true,"href":"https:\/\/www.lehrcare.de\/en\/wp-json\/wp\/v2\/comments?post=1857"}],"version-history":[{"count":4,"href":"https:\/\/www.lehrcare.de\/en\/wp-json\/wp\/v2\/posts\/1857\/revisions"}],"predecessor-version":[{"id":1861,"href":"https:\/\/www.lehrcare.de\/en\/wp-json\/wp\/v2\/posts\/1857\/revisions\/1861"}],"wp:attachment":[{"href":"https:\/\/www.lehrcare.de\/en\/wp-json\/wp\/v2\/media?parent=1857"}],"wp:term":[{"taxonomy":"category","embeddable":true,"href":"https:\/\/www.lehrcare.de\/en\/wp-json\/wp\/v2\/categories?post=1857"},{"taxonomy":"post_tag","embeddable":true,"href":"https:\/\/www.lehrcare.de\/en\/wp-json\/wp\/v2\/tags?post=1857"}],"curies":[{"name":"wp","href":"https:\/\/api.w.org\/{rel}","templated":true}]}}