{"id":1849,"date":"2019-07-04T10:39:01","date_gmt":"2019-07-04T08:39:01","guid":{"rendered":"https:\/\/www.lehrcare.de\/blog\/?p=1849"},"modified":"2019-07-04T10:40:21","modified_gmt":"2019-07-04T08:40:21","slug":"podcasts-fuer-lehrer-stand-juli-2019","status":"publish","type":"post","link":"https:\/\/www.lehrcare.de\/en\/podcasts-fuer-lehrer-stand-juli-2019\/","title":{"rendered":"Podcasts f\u00fcr Lehrer (Stand: Juli 2019)"},"content":{"rendered":"<p>Ob zur fachlichen Weiterbildung, aus privatem Interesse oder\nzur Vorbereitung und Einbindung in den Unterricht: Podcasts, also fortlaufende,\nabonnierbare und auf dem Smartphone abspielbare Audio-Beitr\u00e4ge, beweisen sich\nauch im schulischen Umfeld als praktische Form der Mediennutzung.<\/p>\n\n\n\n<p>Zum einen existieren mittlerweile zahlreiche von Lehrkr\u00e4ften produzierte Podcasts, zum anderen kann die Produktion auch Bestandteil des Unterrichts sein. Nicht zuletzt dienen Podcasts vielen Lehrkr\u00e4ften auch als Medium der Fort- und Weiterbildung.<\/p>\n\n\n\n<h3 class=\"wp-block-heading\"><strong>Podcasts von Lehrkr\u00e4ften (Auswahl)<\/strong><\/h3>\n\n\n\n<p><strong><a rel=\"noreferrer noopener\" aria-label=\"Lehrermomente Podcast: (\u00f6ffnet in neuem Tab)\" href=\"https:\/\/lehrermomente.wordpress.com\/mein-podcast-2\/ \" target=\"_blank\">Lehrermomente Podcast:<\/a><\/strong> Ob Unterrichtsst\u00f6rungen, Schuljahresplanung, ein Blick in die Lehrertasche oder Interviews mit Fachleuten rund um die Schule: Dieser Podcast, produziert von einer Lehrerin, enth\u00e4lt zahlreiche Erfahrungen und Tipps direkt aus dem Schulalltag. <\/p>\n\n\n\n<p><strong><a href=\"http:\/\/schulsprecher-podcast.de \" target=\"_blank\" rel=\"noreferrer noopener\" aria-label=\"Schulsprecher: (\u00f6ffnet in neuem Tab)\">Schulsprecher:<\/a><\/strong> Weniger der Unterhaltung, als vielmehr der fundierten fachlichen Information dient der Podcast \u201eSchulsprecher\u201c. Er behandelt in jeweils recht ausf\u00fchrlichen Episoden grundlegende \u2013 und aktuell diskutierte \u2013 Fragen der Lehrert\u00e4tigkeit: Was ist vom Konzept der \u201eKompetenzen\u201c zu halten? Wie kann die Arbeitszeit von Lehrkr\u00e4ften gemessen werden? Wie funktioniert Leistungsbewertung? <\/p>\n\n\n\n<p><strong><a rel=\"noreferrer noopener\" aria-label=\"Der Referendarsfl\u00fcsterer:  (\u00f6ffnet in neuem Tab)\" href=\"https:\/\/r8ut13.podcaster.de\/ \" target=\"_blank\">Der Referendarsfl\u00fcsterer:<\/a><\/strong><a rel=\"noreferrer noopener\" aria-label=\"Der Referendarsfl\u00fcsterer:  (\u00f6ffnet in neuem Tab)\" href=\"https:\/\/r8ut13.podcaster.de\/ \" target=\"_blank\"> <\/a>Der Name l\u00e4sst es vermuten: Dieser Podcast richtet sich an Lehramtsstudierende, Referendare und junge Lehrkr\u00e4fte. Neben Tipps f\u00fcr den Schulalltag gibt es immer wieder auch Expertengespr\u00e4che zu bildungs- und schulrelevanten Themen.<\/p>\n\n\n\n<p><strong><a href=\"https:\/\/www.lockerlehrer.de\/podcasts\/\" target=\"_blank\" rel=\"noreferrer noopener\" aria-label=\" (\u00f6ffnet in neuem Tab)\">Locker Lehrer:<\/a><\/strong> Dieser Podcast, auch beschrieben als \u201aLehrercoaching mit Herz\u2018, gibt hilfreiche Tipps, Anregungen und Informationen, um besser mit den t\u00e4glichen schulischen Herausforderungen zurechtkommen zu k\u00f6nnen. Ein Fokus liegt dabei auf Themen wie: Kraft tanken, Selbstbewusstsein st\u00e4rken, bewusst abgrenzen oder Ruheinseln schaffen inmitten stressiger Phasen.<\/p>\n\n\n\n<p><strong><a href=\"https:\/\/itunes.apple.com\/de\/podcast\/unterrichtsfreie-zeit-der-podcast-f%C3%BCr-lehrer-und-referendare\/id1231570778?mt=2\" target=\"_blank\" rel=\"noreferrer noopener\" aria-label=\"Unterrichtsfreie Zeit:  (\u00f6ffnet in neuem Tab)\">Unterrichtsfreie Zeit: <\/a><\/strong>Dieser Podcast (und auch der gleichnamige Blog) wird betrieben von Lehrerin Jenny, die sich selbst als \u201eOrganisationsfreak\u201c bezeichnet. Schwerpunkt hier daher: Zeitmanagement, Selbst- und Unterrichtsorganisation \u2013 auch (und gerade) in der sogenannten unterrichtsfreien Zeit.<\/p>\n\n\n\n<p><strong><a rel=\"noreferrer noopener\" aria-label=\"Frau Bachmayer packt aus!: (\u00f6ffnet in neuem Tab)\" href=\"https:\/\/www.podcast.de\/podcast\/633093\/ \" target=\"_blank\">Frau Bachmayer packt aus!<\/a><\/strong><a rel=\"noreferrer noopener\" aria-label=\"Frau Bachmayer packt aus!: (\u00f6ffnet in neuem Tab)\" href=\"https:\/\/www.podcast.de\/podcast\/633093\/ \" target=\"_blank\">:<\/a> Frau Bachmayer und Herr Krautmann sind zwar fiktive Namen, die dahinterstehenden Lehrkr\u00e4fte existieren jedoch real \u2013 und sie reden Tacheles \u00fcber all das, was sonst nur hinter den verschlossenen T\u00fcren der Lehrerzimmer diskutiert wird. Ein Podcast von Antenne Niedersachsen. <\/p>\n\n\n\n<p><strong><a rel=\"noreferrer noopener\" aria-label=\"Vorbild-Schule: (\u00f6ffnet in neuem Tab)\" href=\"https:\/\/www.podcast.de\/podcast\/538585\/# \" target=\"_blank\">Vorbild-Schule:<\/a> <\/strong>In Interviews l\u00e4sst dieser Podcast engagierte Lehrerinnen und Lehrer zur Sprache kommen, die aus ihrer Schule eine Vorbildschule machen m\u00f6chten. Jede Episode widmet sich einem Interviewpartner und dessen Ans\u00e4tzen. <\/p>\n\n\n\n<p><strong><a rel=\"noreferrer noopener\" aria-label=\"Perlen von den S\u00e4uen: (\u00f6ffnet in neuem Tab)\" href=\"https:\/\/mihajlovicfreiburg.com\/2016\/07\/17\/perlen-von-den-saeuen-schule-2050\/ \" target=\"_blank\">Perlen von den S\u00e4uen:<\/a> <\/strong>In unregelm\u00e4\u00dfigen Abst\u00e4nden reflektiert dieser Podcast aktuelle Themen aus der Bildungs- und Schulpolitik \u2013 meist in lockerer Gespr\u00e4chsform, als \u201eBildungstalk\u201c mit mehreren teilnehmenden Lehrkr\u00e4ften. <\/p>\n\n\n\n<p><strong><a rel=\"noreferrer noopener\" aria-label=\"Bildungsshaker: (\u00f6ffnet in neuem Tab)\" href=\"https:\/\/oerlabs.de\/podcast\/ \" target=\"_blank\">Bildungsshaker:<\/a><\/strong> Dieser Podcast dreht sich um das Thema Open Educational Resources (OER) und deren praktischer Einsatz in der Bildung. Konkret berichtet der Bildungsshaker von aktuellen Entwicklungen der OERlabs, in denen (Lehramts)-Studierende gemeinsam f\u00fcr OER ausgebildet werden. <\/p>\n\n\n\n<p>F\u00fcr die gezielte Suche nach Podcasts \u2013 auch nach Themenbereichen und Stichworten &#8211; empfiehlt sich das Portal <a href=\"https:\/\/www.podcast.de\/\">htt<\/a><a rel=\"noreferrer noopener\" aria-label=\"ps:\/\/www.podcast.de\/ (\u00f6ffnet in neuem Tab)\" href=\"https:\/\/www.podcast.de\/\" target=\"_blank\">ps:\/\/www.podcast.de<\/a>. Es liefert zudem einen Einblick in die Funktionsweise von Podcasts. \u00dcberdies geben die meisten Rundfunkanstalten, TV-Sender sowie Magazine und Zeitungen mittlerweile eigene Podcast-Reihen heraus. <\/p>","protected":false},"excerpt":{"rendered":"<p><!-- wp:paragraph --><\/p>\n<p>Ob zur fachlichen Weiterbildung, aus privatem Interesse oder<br \/>\nzur Vorbereitung und Einbindung in den Unterricht: Podcasts, also fortlaufende,<br \/>\nabonnierbare und auf dem Smartphone abspielbare Audio-Beitr\u00e4ge, beweisen sich<br \/>\nauch im schulischen Umfeld als praktische Form der Mediennutzung.<\/p>\n<p><!-- \/wp:paragraph --><\/p>\n<p><!-- wp:paragraph --><\/p>\n<p>Zum einen existieren mittlerweile zahlreiche von Lehrkr\u00e4ften produzierte Podcasts, zum anderen kann die Produktion auch Bestandteil des Unterrichts sein. Nicht zuletzt dienen Podcasts vielen Lehrkr\u00e4ften auch als Medium der Fort- und Weiterbildung.<\/p>\n<p><!-- \/wp:paragraph --><\/p>","protected":false},"author":8,"featured_media":0,"comment_status":"open","ping_status":"open","sticky":false,"template":"","format":"standard","meta":{"footnotes":""},"categories":[175,180],"tags":[842,876,879,880,881],"class_list":["post-1849","post","type-post","status-publish","format-standard","hentry","category-foren-und-plattformen-fur-lehrkraefte","category-links-tipps","tag-podcast","tag-schulalltag","tag-lehreralltag","tag-lehrertipps","tag-referendarstipps"],"aioseo_notices":[],"publishpress_future_action":{"enabled":false,"date":"2026-05-08 09:16:37","action":"change-status","newStatus":"draft","terms":[],"taxonomy":"category","extraData":[]},"publishpress_future_workflow_manual_trigger":{"enabledWorkflows":[]},"_links":{"self":[{"href":"https:\/\/www.lehrcare.de\/en\/wp-json\/wp\/v2\/posts\/1849","targetHints":{"allow":["GET"]}}],"collection":[{"href":"https:\/\/www.lehrcare.de\/en\/wp-json\/wp\/v2\/posts"}],"about":[{"href":"https:\/\/www.lehrcare.de\/en\/wp-json\/wp\/v2\/types\/post"}],"author":[{"embeddable":true,"href":"https:\/\/www.lehrcare.de\/en\/wp-json\/wp\/v2\/users\/8"}],"replies":[{"embeddable":true,"href":"https:\/\/www.lehrcare.de\/en\/wp-json\/wp\/v2\/comments?post=1849"}],"version-history":[{"count":3,"href":"https:\/\/www.lehrcare.de\/en\/wp-json\/wp\/v2\/posts\/1849\/revisions"}],"predecessor-version":[{"id":1852,"href":"https:\/\/www.lehrcare.de\/en\/wp-json\/wp\/v2\/posts\/1849\/revisions\/1852"}],"wp:attachment":[{"href":"https:\/\/www.lehrcare.de\/en\/wp-json\/wp\/v2\/media?parent=1849"}],"wp:term":[{"taxonomy":"category","embeddable":true,"href":"https:\/\/www.lehrcare.de\/en\/wp-json\/wp\/v2\/categories?post=1849"},{"taxonomy":"post_tag","embeddable":true,"href":"https:\/\/www.lehrcare.de\/en\/wp-json\/wp\/v2\/tags?post=1849"}],"curies":[{"name":"wp","href":"https:\/\/api.w.org\/{rel}","templated":true}]}}