{"id":1830,"date":"2019-06-06T09:44:20","date_gmt":"2019-06-06T07:44:20","guid":{"rendered":"https:\/\/www.lehrcare.de\/blog\/?p=1830"},"modified":"2019-06-06T09:44:22","modified_gmt":"2019-06-06T07:44:22","slug":"das-bundesprogramm-fachkraefteoffensive-fuer-erzieherinnen-und-erzieher","status":"publish","type":"post","link":"https:\/\/www.lehrcare.de\/en\/das-bundesprogramm-fachkraefteoffensive-fuer-erzieherinnen-und-erzieher\/","title":{"rendered":"Das Bundesprogramm \u201eFachkr\u00e4fteoffensive f\u00fcr Erzieherinnen und Erzieher\u201c"},"content":{"rendered":"<p>Bis zu 190.000 ausgebildete Erzieherinnen und Erzieher werden bundesweit bis zum Jahr 2025 fehlen, so das Ergebnis einer aktuellen <a rel=\"noreferrer noopener\" aria-label=\" (\u00f6ffnet in neuem Tab)\" href=\"https:\/\/www.bmfsfj.de\/blob\/131412\/a0c3b93fcd6de48eedeb349a3c5d6532\/prognos-studie-2018-data.pdf\" target=\"_blank\">Studie<\/a>. Dabei entscheidet nachweislich gerade die fr\u00fche Bildung ma\u00dfgeblich dar\u00fcber, wie gut die Weichen f\u00fcr den weiteren Bildungsweg von Kindern gestellt sind. Mit dem Ziel, den Nachwuchs im Erzieherinnen-Beruf zu sichern, hat das <a href=\"https:\/\/www.bmfsfj.de\/\" target=\"_blank\" rel=\"noreferrer noopener\" aria-label=\" (\u00f6ffnet in neuem Tab)\">Bundesfamilienministerium <\/a>daher am 26. M\u00e4rz dieses Jahres das \u201eBundesprogramm \u201aFachkr\u00e4fteoffensive f\u00fcr Erzieherinnen und Erzieher\u2018\u201c gestartet. <\/p>\n\n\n\n<h2 class=\"wp-block-heading\"><strong>An wen richtet sich das Programm?<\/strong><\/h2>\n\n\n\n<p>Das Programm\nrichtet sich an Tr\u00e4ger von Kindertageseinrichtungen. Mit einer F\u00f6rderung von\n37.440 Euro sollen diese in die Lage versetzt werden, eine praxisintegrierte\nverg\u00fctete Ausbildung im Beruf Erzieher\/Erzieherin anzubieten. Bedingung ist,\ndass sich die Ausbildungskapazit\u00e4t der Einrichtung durch Teilnahme an dem\nProgramm erh\u00f6ht. Die Ausbildung erfolgt in der Einrichtung sowie in einer\nkooperierenden Fachschule bzw. Fachakademie.<\/p>\n\n\n\n<p>Neben der <strong>F\u00f6rderung der praxisintegrierten verg\u00fcteten Ausbildung<\/strong> umfasst das Programm dar\u00fcber hinaus noch zwei weitere F\u00f6rderungsbereiche. Es sind dies<\/p>\n\n\n\n<ul class=\"wp-block-list\"><li>eine <strong>F\u00f6rderung der Praxisanleitung<\/strong> (pro anzuleitender Fachsch\u00fcler\/-in erfolgt eine Bezuschussung in H\u00f6he von 25 Euro pro Stunde, wobei die Anleitung mindestens zwei Anleitungsstunden pro Woche umfassen sollte).<\/li><li>ein <strong>Aufstiegsbonus f\u00fcr p\u00e4dagogische Fachkr\u00e4fte<\/strong> nach einer Weiterqualifikation, die eine H\u00f6hergruppierung mit sich bringt.<\/li><\/ul>\n\n\n\n<h2 class=\"wp-block-heading\"><strong>Antragsverfahren<\/strong><\/h2>\n\n\n\n<p>Interessierte Einrichtungstr\u00e4ger bekunden zun\u00e4chst ihr Interesse im Rahmen eines <a href=\"https:\/\/www.bundesprogramm-fachkraefteoffensive.de\/\" target=\"_blank\" rel=\"noreferrer noopener\" aria-label=\"Interessenbekundungsverfahrens (\u00f6ffnet in neuem Tab)\">Interessenbekundungsverfahrens<\/a>.  <\/p>\n\n\n\n<p>Nach vorher\ndefinierten Kriterien werden in einem n\u00e4chsten Schritt dann geeignete\nEinrichtungen zur Antragstellung aufgefordert. Die Auswahl wird vom\nBundesministerium f\u00fcr Familie, Senioren, Frauen und Jugend unter Einbeziehung\nder L\u00e4nder getroffen.<\/p>\n\n\n\n<h2 class=\"wp-block-heading\"><strong>Weiterf\u00fchrende Informationen: <\/strong><\/h2>\n\n\n\n<p><a href=\"https:\/\/www.fruehe-chancen.de\/aktuelles\/interessenbekundungsverfahren-fuer-das-bundesprogramm-fachkraefteoffensive-gestartet\/\" target=\"_blank\" rel=\"noreferrer noopener\" aria-label=\"Info-Seite (\u00f6ffnet in neuem Tab)\">Info-Seite<\/a> des Bundesfamilienministeriums zum Bundesprogramm Fachkr\u00e4fteoffensive<\/p>\n\n\n\n<p><a rel=\"noreferrer noopener\" aria-label=\"Kurz-Information (\u00f6ffnet in neuem Tab)\" href=\"https:\/\/www.fruehe-chancen.de\/fileadmin\/PDF\/Fachkraefteoffensive\/BMFSFJ_Fachkraefteoffensive_Kurzinformation.pdf\" target=\"_blank\">Kurz-Information<\/a> zum Bundesprogramm Fachkr\u00e4fteoffensive <\/p>\n\n\n\n<p>Das <a rel=\"noreferrer noopener\" aria-label=\"Gute-Kita-Gesetz (\u00f6ffnet in neuem Tab)\" href=\"https:\/\/www.bmfsfj.de\/bmfsfj\/themen\/familie\/kinderbetreuung\/mehr-qualitaet-in-der-fruehen-bildung\/das-gute-kita-gesetz\" target=\"_blank\">Gute-Kita-Gesetz<\/a><\/p>\n\n\n\n<p><a rel=\"noreferrer noopener\" aria-label=\"Informationen zum Fachkr\u00e4ftebedarf in Kitas (\u00f6ffnet in neuem Tab)\" href=\"https:\/\/www.bildungsserver.de\/Fachkraeftebedarf-und-Fachkraefteoffensive-12625-de.html\" target=\"_blank\">Informationen zum Fachkr\u00e4ftebedarf in Kitas<\/a><\/p>\n\n\n\n<p><\/p>","protected":false},"excerpt":{"rendered":"<p>Bis zu 190.000 ausgebildete Erzieherinnen und Erzieher werden bundesweit bis zum Jahr 2025 fehlen, so das Ergebnis einer aktuellen Studie. Dabei entscheidet nachweislich gerade die fr\u00fche Bildung ma\u00dfgeblich dar\u00fcber, wie gut die Weichen f\u00fcr den weiteren Bildungsweg von Kindern gestellt sind. Mit dem Ziel, den Nachwuchs im Erzieherinnen-Beruf zu sichern, hat das Bundesfamilienministerium daher am 26. M\u00e4rz dieses Jahres das \u201eBundesprogramm \u201aFachkr\u00e4fteoffensive f\u00fcr Erzieherinnen und Erzieher\u2018\u201c gestartet.<\/p>","protected":false},"author":8,"featured_media":0,"comment_status":"open","ping_status":"open","sticky":false,"template":"","format":"standard","meta":{"footnotes":""},"categories":[180,124],"tags":[696,214,218],"class_list":["post-1830","post","type-post","status-publish","format-standard","hentry","category-links-tipps","category-erzieherinnen","tag-erzieherinnen","tag-erzieherin","tag-erzieherausbildung"],"aioseo_notices":[],"publishpress_future_action":{"enabled":false,"date":"2026-05-08 09:17:41","action":"change-status","newStatus":"draft","terms":[],"taxonomy":"category","extraData":[]},"publishpress_future_workflow_manual_trigger":{"enabledWorkflows":[]},"_links":{"self":[{"href":"https:\/\/www.lehrcare.de\/en\/wp-json\/wp\/v2\/posts\/1830","targetHints":{"allow":["GET"]}}],"collection":[{"href":"https:\/\/www.lehrcare.de\/en\/wp-json\/wp\/v2\/posts"}],"about":[{"href":"https:\/\/www.lehrcare.de\/en\/wp-json\/wp\/v2\/types\/post"}],"author":[{"embeddable":true,"href":"https:\/\/www.lehrcare.de\/en\/wp-json\/wp\/v2\/users\/8"}],"replies":[{"embeddable":true,"href":"https:\/\/www.lehrcare.de\/en\/wp-json\/wp\/v2\/comments?post=1830"}],"version-history":[{"count":4,"href":"https:\/\/www.lehrcare.de\/en\/wp-json\/wp\/v2\/posts\/1830\/revisions"}],"predecessor-version":[{"id":1834,"href":"https:\/\/www.lehrcare.de\/en\/wp-json\/wp\/v2\/posts\/1830\/revisions\/1834"}],"wp:attachment":[{"href":"https:\/\/www.lehrcare.de\/en\/wp-json\/wp\/v2\/media?parent=1830"}],"wp:term":[{"taxonomy":"category","embeddable":true,"href":"https:\/\/www.lehrcare.de\/en\/wp-json\/wp\/v2\/categories?post=1830"},{"taxonomy":"post_tag","embeddable":true,"href":"https:\/\/www.lehrcare.de\/en\/wp-json\/wp\/v2\/tags?post=1830"}],"curies":[{"name":"wp","href":"https:\/\/api.w.org\/{rel}","templated":true}]}}