{"id":1622,"date":"2018-10-16T13:16:39","date_gmt":"2018-10-16T11:16:39","guid":{"rendered":"https:\/\/www.lehrcare.de\/blog\/?p=1622"},"modified":"2018-10-12T11:33:30","modified_gmt":"2018-10-12T09:33:30","slug":"lehrer-fortbildungen-private-anbieter","status":"publish","type":"post","link":"https:\/\/www.lehrcare.de\/en\/lehrer-fortbildungen-private-anbieter\/","title":{"rendered":"Lehrer-Fortbildungen (Teil 2): Private Anbieter"},"content":{"rendered":"<p>Die Frage der Bildungsqualit\u00e4t ist ein \u201ehei\u00dfes Eisen\u201c. Gerade auch aus diesem Grund w\u00fcnschen sich die meisten Lehrerinnen und Lehrer eine konstante Fort- und Weiterbildung \u2013 und zwar sowohl fachlich, p\u00e4dagogisch, didaktisch-methodisch als auch pers\u00f6nlichkeitsbezogen. Dabei ist die Palette der Fortbildungs-Anbieter un\u00fcberschaubar gro\u00df und Lehrkr\u00e4fte sollten Aufwand und Nutzen genau abw\u00e4gen. Zudem gilt es, zu pr\u00fcfen, ob etwa bei privaten Anbietern nicht prim\u00e4r kommerzielle Interessen im Vordergrund stehen.<\/p>\n<p><strong>Tipp daher:<\/strong> Den eigenen Bildungsbedarf so konkret wie m\u00f6glich formulieren, das Vorhaben mit der Schulleitung besprechen und dann Anbieter vergleichen. Wer tiefer ins Thema einsteigen m\u00f6chte, findet hilfreiche Informationen in der Studie <a href=\"https:\/\/www.vodafone-stiftung.de\/uploads\/tx_newsjson\/Vodafone_Stiftung_Gebrauchsanweisung_fuers_lebenslange_Lernen.pdf\" target=\"_blank\" rel=\"noopener\">\u201eGebrauchsanweisung f\u00fcrs lebenslange Lernen\u201c<\/a><br \/>\nWeiterf\u00fchrende Informationen zum Thema Lehrer-Fortbildung erteilt auch der l\u00e4nder\u00fcbergreifend arbeitende <a href=\"http:\/\/www.lehrerinnenfortbildung.de\/cms\/index.php\" target=\"_blank\" rel=\"noopener\">Deutsche Verein zur F\u00f6rderung der Lehrerinnen- und Lehrerfortbildung e.V.<\/a><\/p>\n<p>&nbsp;<\/p>\n<p><strong>Private bzw. kommunale (= nichtstaatliche) Fortbildungsanbieter (Auswahl)<\/strong><br \/>\n<a href=\"https:\/\/www.bundesakademie.de\/\" target=\"_blank\" rel=\"noopener\">Bundesakademie f\u00fcr kulturelle Bildung Wolfenb\u00fcttel<\/a><br \/>\n<a href=\"http:\/\/www.bpb.de\/\" target=\"_blank\" rel=\"noopener\">Bundeszentrale f\u00fcr politische Bildung, Bonn<\/a><br \/>\n<a href=\"https:\/\/www.comenius.de\/\" target=\"_blank\" rel=\"noopener\">Comenius Institut &#8211; Evangelische Arbeitsst\u00e4tte f\u00fcr Erziehungswissenschaft e.V.<\/a><br \/>\n<a href=\"https:\/\/www.doa-info.de\/veranstaltungen\/lehrerfortbildung\" target=\"_blank\" rel=\"noopener\">Deutsche Olympische Akademie<\/a><br \/>\n<a href=\"https:\/\/www.efwi.de\/\" target=\"_blank\" rel=\"noopener\">Erziehungswissenschaftliches Fort- und Weiterbildungsinstitut der evangelischen Kirchen in Rheinland-Pfalz (EFWI)<\/a><br \/>\n<a href=\"https:\/\/www.gew.de\/\" target=\"_blank\" rel=\"noopener\">Gewerkschaft Erziehung und Wissenschaft (GEW)<\/a><br \/>\n<a href=\"https:\/\/www.goethe.de\/de\/spr\/unt\/for.html\" target=\"_blank\" rel=\"noopener\">Goethe Institut &#8211; Fortbildungsangebot f\u00fcr Deutschlehrende<\/a><br \/>\n<a href=\"http:\/\/www.ilf-mainz.de\/\" target=\"_blank\" rel=\"noopener\">ILF Mainz<\/a><br \/>\n<a href=\"https:\/\/www.ilf-saarbruecken.de\/\" target=\"_blank\" rel=\"noopener\">ILF Saarbr\u00fccken<\/a><br \/>\n<a href=\"https:\/\/www.ifl-fortbildung.de\/\" target=\"_blank\" rel=\"noopener\">Institut f\u00fcr Lehrerfortbildung M\u00fclheim<\/a><br \/>\n<a href=\"https:\/\/www.iqb.hu-berlin.de\/\" target=\"_blank\" rel=\"noopener\">Institut zur Qualit\u00e4tsentwicklung im Bildungswesen (IQB)<\/a><br \/>\n<a href=\"https:\/\/www.schooleducationgateway.eu\/de\/pub\/teacher_academy.htm\" target=\"_blank\" rel=\"noopener\">School Education Gateway<\/a><br \/>\n<a href=\"https:\/\/www.vbe.de\/\" target=\"_blank\" rel=\"noopener\">Verband Bildung und Erziehung (VBE)<\/a><br \/>\n<a href=\"https:\/\/www.bildungsmedien.de\/\" target=\"_blank\" rel=\"noopener\">Verband Bildungsmedien<\/a><\/p>\n<p>&nbsp;<\/p>","protected":false},"excerpt":{"rendered":"<p>Die Frage der Bildungsqualit\u00e4t ist ein \u201ehei\u00dfes Eisen\u201c. Gerade auch aus diesem Grund w\u00fcnschen sich die meisten Lehrerinnen und Lehrer eine konstante Fort- und Weiterbildung \u2013 und zwar sowohl fachlich, p\u00e4dagogisch, didaktisch-methodisch als auch pers\u00f6nlichkeitsbezogen. Dabei ist die Palette der Fortbildungs-Anbieter un\u00fcberschaubar gro\u00df und Lehrkr\u00e4fte sollten Aufwand und Nutzen genau abw\u00e4gen. Zudem gilt es, zu pr\u00fcfen, ob etwa bei privaten Anbietern nicht prim\u00e4r kommerzielle Interessen im Vordergrund stehen.<\/p>","protected":false},"author":8,"featured_media":0,"comment_status":"open","ping_status":"open","sticky":false,"template":"","format":"standard","meta":{"footnotes":""},"categories":[138],"tags":[24,77,78,251,541,542,849],"class_list":["post-1622","post","type-post","status-publish","format-standard","hentry","category-weiterbildung-fuer-lehrkraefte","tag-lehrer","tag-weiterbildung","tag-fortbildung","tag-lehrkrafte","tag-seminar","tag-kurs","tag-schulung"],"aioseo_notices":[],"publishpress_future_action":{"enabled":false,"date":"2026-05-04 12:26:05","action":"change-status","newStatus":"draft","terms":[],"taxonomy":"category","extraData":[]},"publishpress_future_workflow_manual_trigger":{"enabledWorkflows":[]},"_links":{"self":[{"href":"https:\/\/www.lehrcare.de\/en\/wp-json\/wp\/v2\/posts\/1622","targetHints":{"allow":["GET"]}}],"collection":[{"href":"https:\/\/www.lehrcare.de\/en\/wp-json\/wp\/v2\/posts"}],"about":[{"href":"https:\/\/www.lehrcare.de\/en\/wp-json\/wp\/v2\/types\/post"}],"author":[{"embeddable":true,"href":"https:\/\/www.lehrcare.de\/en\/wp-json\/wp\/v2\/users\/8"}],"replies":[{"embeddable":true,"href":"https:\/\/www.lehrcare.de\/en\/wp-json\/wp\/v2\/comments?post=1622"}],"version-history":[{"count":6,"href":"https:\/\/www.lehrcare.de\/en\/wp-json\/wp\/v2\/posts\/1622\/revisions"}],"predecessor-version":[{"id":1628,"href":"https:\/\/www.lehrcare.de\/en\/wp-json\/wp\/v2\/posts\/1622\/revisions\/1628"}],"wp:attachment":[{"href":"https:\/\/www.lehrcare.de\/en\/wp-json\/wp\/v2\/media?parent=1622"}],"wp:term":[{"taxonomy":"category","embeddable":true,"href":"https:\/\/www.lehrcare.de\/en\/wp-json\/wp\/v2\/categories?post=1622"},{"taxonomy":"post_tag","embeddable":true,"href":"https:\/\/www.lehrcare.de\/en\/wp-json\/wp\/v2\/tags?post=1622"}],"curies":[{"name":"wp","href":"https:\/\/api.w.org\/{rel}","templated":true}]}}