{"id":1598,"date":"2018-06-20T21:15:03","date_gmt":"2018-06-20T19:15:03","guid":{"rendered":"https:\/\/www.lehrcare.de\/blog\/?p=1598"},"modified":"2018-06-20T21:15:03","modified_gmt":"2018-06-20T19:15:03","slug":"podcasts-fuer-lehrer-stand-juni-2018","status":"publish","type":"post","link":"https:\/\/www.lehrcare.de\/en\/podcasts-fuer-lehrer-stand-juni-2018\/","title":{"rendered":"Podcasts f\u00fcr Lehrer (Stand: Juni 2018)"},"content":{"rendered":"<p>Ob zur fachlichen Weiterbildung, aus privatem Interesse oder zur Vorbereitung und Einbindung in den Unterricht: Podcasts, also fortlaufende, abonnierbare und auf dem Smartphone abspielbare Audio-Beitr\u00e4ge, sind auch im schulischen Umfeld eine praktische und zeitgem\u00e4\u00dfe Form der Mediennutzung.<br \/>\nZum einen existieren mittlerweile zahlreiche von Lehrkr\u00e4ften produzierte Podcasts, zum anderen kann die Produktion von Podcasts auch Bestandteil des Unterrichts sein. Nicht zuletzt dienen Podcasts vielen Lehrkr\u00e4ften auch als Medium der Fort- und Weiterbildung.<\/p>\n<p>&nbsp;<\/p>\n<h3><strong>Podcasts von Lehrkr\u00e4ften (Auswahl)<\/strong><\/h3>\n<p><strong><a href=\"https:\/\/www.lockerlehrer.de\/podcasts\/\" target=\"_blank\" rel=\"noopener\">Locker Lehrer:<\/a> <\/strong>Der Untertitel \u201eDer positive Lehrerpodcast\u201c verr\u00e4t es: Hier geht es um N\u00fctzliches, Hilfreiches, Unterst\u00fctzendes und Anregendes rund um den Lehrerberuf: von Weihnachtsgeschenkideen \u00fcber Tipps zur Elternarbeit bis hin zu Durchhalteparolen f\u00fcrs Referendariat.<\/p>\n<p><a href=\"https:\/\/r8ut13.podcaster.de\/\" target=\"_blank\" rel=\"noopener\"><strong>Der Referendarsfl\u00fcsterer:<\/strong> <\/a>Der Name l\u00e4sst es vermuten: Dieser Podcast richtet sich an Referendare und will diese durch den Irrgarten der ersten Zeit in der Schule begleiten.<\/p>\n<p><a href=\"https:\/\/itunes.apple.com\/de\/podcast\/unterrichtsfreie-zeit-der-podcast-f%C3%BCr-lehrer-und-referendare\/id1231570778?mt=2\" target=\"_blank\" rel=\"noopener\"><strong>Unterrichtsfreie Zeit:<\/strong><\/a> Dieser Podcast (und auch gleichnamiges Blog) wird betrieben von Lehrerin Jenny, die sich selbst als \u201eOrganisationsfreak\u201c bezeichnet. Schwerpunkt hier daher: Zeitmanagement, Selbst- und Unterrichtsorganisation<\/p>\n<p><a href=\"http:\/\/schulsprecher-podcast.de\/page\/2\/\" target=\"_blank\" rel=\"noopener\"><strong>Schulsprecher:<\/strong> <\/a>Dieser Podcast geht in die Tiefe und behandelt in jeweils recht ausf\u00fchrlichen Episoden grundlegende Fragen der Lehrert\u00e4tigkeit: Wie funktioniert Leistungsbewertung? Welches ist die Rolle von Lehrern? Wie \u201etickt\u201c unser Bildungssystem?<\/p>\n<p><a href=\"https:\/\/www.podcast.de\/podcast\/633093\/\" target=\"_blank\" rel=\"noopener\"><strong>Frau Bachmayer packt aus!<\/strong><\/a> Frau Bachmayer und Herr Krautmann sind zwar fiktive Namen, die dahinterstehenden Lehrkr\u00e4fte existieren jedoch real \u2013 und sie reden Tacheles \u00fcber all das, was sonst nur hinter den verschlossenen T\u00fcren der Lehrerzimmer diskutiert wird.<\/p>\n<p><a href=\"https:\/\/www.podcast.de\/podcast\/538585\/#\" target=\"_blank\" rel=\"noopener\"><strong>Vorbild-Schule:<\/strong><\/a> In diesem Podcast kommen engagierte Lehrerinnen und Lehrer zur Sprache, die aus ihrer Schule eine Vorbildschule machen m\u00f6chten. Jede Episode widmet sich einem Interviewpartner und dessen Ans\u00e4tzen.<\/p>\n<p>F\u00fcr die gezielte Suche nach Podcasts \u2013 auch nach Themenbereichen und Stichworten\u00a0\u2013 empfiehlt sich das Portal <a href=\"https:\/\/www.podcast.de\/\" target=\"_blank\" rel=\"noopener\"><strong>podcast.de<\/strong><\/a>. Es liefert zudem einen Einblick in die Funktionsweise von Podcasts. \u00dcberdies geben die meisten Rundfunkanstalten, TV-Sender sowie Magazine und Zeitungen mittlerweile eigene Podcast-Reihen heraus.<\/p>\n<p>&nbsp;<\/p>","protected":false},"excerpt":{"rendered":"<p>Ob zur fachlichen Weiterbildung, aus privatem Interesse oder zur Vorbereitung und Einbindung in den Unterricht: Podcasts, also fortlaufende, abonnierbare und auf dem Smartphone abspielbare Audio-Beitr\u00e4ge, sind auch im schulischen Umfeld eine praktische und zeitgem\u00e4\u00dfe Form der Mediennutzung. Zum einen existieren mittlerweile zahlreiche von Lehrkr\u00e4ften produzierte Podcasts, zum anderen kann die Produktion von Podcasts auch Bestandteil [&hellip;]<\/p>","protected":false},"author":8,"featured_media":0,"comment_status":"open","ping_status":"open","sticky":false,"template":"","format":"standard","meta":{"footnotes":""},"categories":[119,175,176,1],"tags":[24,132,228,842],"class_list":["post-1598","post","type-post","status-publish","format-standard","hentry","category-der_lehrerberuf","category-foren-und-plattformen-fur-lehrkraefte","category-infoseiten","category-unkategorisiert","tag-lehrer","tag-schule","tag-unterricht","tag-podcast"],"aioseo_notices":[],"publishpress_future_action":{"enabled":false,"date":"2026-05-04 14:17:58","action":"change-status","newStatus":"draft","terms":[],"taxonomy":"category","extraData":[]},"publishpress_future_workflow_manual_trigger":{"enabledWorkflows":[]},"_links":{"self":[{"href":"https:\/\/www.lehrcare.de\/en\/wp-json\/wp\/v2\/posts\/1598","targetHints":{"allow":["GET"]}}],"collection":[{"href":"https:\/\/www.lehrcare.de\/en\/wp-json\/wp\/v2\/posts"}],"about":[{"href":"https:\/\/www.lehrcare.de\/en\/wp-json\/wp\/v2\/types\/post"}],"author":[{"embeddable":true,"href":"https:\/\/www.lehrcare.de\/en\/wp-json\/wp\/v2\/users\/8"}],"replies":[{"embeddable":true,"href":"https:\/\/www.lehrcare.de\/en\/wp-json\/wp\/v2\/comments?post=1598"}],"version-history":[{"count":3,"href":"https:\/\/www.lehrcare.de\/en\/wp-json\/wp\/v2\/posts\/1598\/revisions"}],"predecessor-version":[{"id":1601,"href":"https:\/\/www.lehrcare.de\/en\/wp-json\/wp\/v2\/posts\/1598\/revisions\/1601"}],"wp:attachment":[{"href":"https:\/\/www.lehrcare.de\/en\/wp-json\/wp\/v2\/media?parent=1598"}],"wp:term":[{"taxonomy":"category","embeddable":true,"href":"https:\/\/www.lehrcare.de\/en\/wp-json\/wp\/v2\/categories?post=1598"},{"taxonomy":"post_tag","embeddable":true,"href":"https:\/\/www.lehrcare.de\/en\/wp-json\/wp\/v2\/tags?post=1598"}],"curies":[{"name":"wp","href":"https:\/\/api.w.org\/{rel}","templated":true}]}}