{"id":1515,"date":"2018-01-13T07:29:38","date_gmt":"2018-01-13T05:29:38","guid":{"rendered":"https:\/\/www.lehrcare.de\/blog\/?p=1515"},"modified":"2018-01-13T12:17:04","modified_gmt":"2018-01-13T10:17:04","slug":"termine-2018-messen-kongresse-events-fuer-lehrerinnen-und-lehrer","status":"publish","type":"post","link":"https:\/\/www.lehrcare.de\/en\/termine-2018-messen-kongresse-events-fuer-lehrerinnen-und-lehrer\/","title":{"rendered":"Termine 2018: Messen, Kongresse, Events f\u00fcr Lehrerinnen und Lehrer"},"content":{"rendered":"<p>Welche \u00fcberregional relevanten Termine sollten sich Lehrkr\u00e4fte, Referendare und schulische F\u00fchrungskr\u00e4fte f\u00fcr 2018 im Kalender vormerken?<\/p>\n<p><a href=\"https:\/\/www.learntec.de\/de\/\" target=\"_blank\" rel=\"noopener\"><strong>Learntec Karlsruhe:<\/strong><\/a> Die Leitmesse f\u00fcr digitale Bildung verzeichnet stetig wachsende Besucherzahlen. Im Themenbereich Schule dreht sich alles um die Frage: \u201eWie funktioniert digitale Schule?\u201c Die Messe richtet sich an Lehrkr\u00e4fte, Schulleitungen sowie alle rund ums Schulwesen T\u00e4tigen.<br \/>\n<strong>Termin: 30. Januar \u2013 1. Februar 2018 in Karlsruhe<\/strong><\/p>\n<figure id=\"attachment_1519\" aria-describedby=\"caption-attachment-1519\" style=\"width: 150px\" class=\"wp-caption alignleft\"><a href=\"https:\/\/www.lehrcare.de\/blog\/wp-content\/uploads\/2018\/01\/messe_20180113-111107.jpg\"><img decoding=\"async\" class=\"size-thumbnail wp-image-1519\" src=\"https:\/\/www.lehrcare.de\/blog\/wp-content\/uploads\/2018\/01\/messe_20180113-111107-150x150.jpg\" alt=\"\" width=\"150\" height=\"150\" \/><\/a><figcaption id=\"caption-attachment-1519\" class=\"wp-caption-text\">Quelle: Deutsche Messe<\/figcaption><\/figure>\n<p><a href=\"http:\/\/www.didacta-hannover.de\/\" target=\"_blank\" rel=\"noopener\"><strong>Bildungsmesse Didacta:<\/strong><\/a> Die weltweit gr\u00f6\u00dfte Messe rund um Schule und Bildung findet allj\u00e4hrlich Ende Februar statt, abwechselnd in den St\u00e4dten Hannover, K\u00f6ln und Stuttgart. Gegliedert ist sie in die Ausstellungsbereiche Fr\u00fche Bildung, Schule\/Hochschule, Berufliche Bildung\/Qualifizierung und Didacta Digital. Zudem gibt es rund 1.500 Vortragsangebote.<br \/>\n<strong>Termin: 20. \u2013 24. Februar 2018 in Hannover<\/strong><\/p>\n<p><a href=\"http:\/\/www.bildungsmedien.de\/index.php\/veranstaltungen\/bildungskongresse\/item\/3144-bildungskongress-2018-koeln\" target=\"_blank\" rel=\"noopener\"><strong>Bildungskongress:<\/strong><\/a> Der Kongress f\u00fcr Bildungsmedien informiert Lehrkr\u00e4fte, Bildungstr\u00e4ger und schulische F\u00fchrungskr\u00e4fte \u00fcber Trends in der Bildungsmedienentwicklung. Neben Vortr\u00e4gen und Workshops gibt es eine umfassende Ausstellung. Motto 2018: \u201ePrint und digital \u2013 Unterricht heute und morgen gestalten\u201c.<br \/>\n<strong>Termin: 10. M\u00e4rz 2018 in K\u00f6ln<\/strong><\/p>\n<p><a href=\"https:\/\/www.deutscher-schulleiterkongress.de\/\" target=\"_blank\" rel=\"noopener\"><strong>Deutscher Schulleiterkongress:<\/strong><\/a> Workshops, Vortr\u00e4ge von Top-Speakern, Erfahrungsaustausch und das Informieren \u00fcber neue Produkte und Trends stehen im Fokus des 7. DSLK. Er richtet sich an Schulleitungen und schulische F\u00fchrungskr\u00e4fte sowie diejenigen Lehrkr\u00e4fte, die eine F\u00fchrungsposition ansteuern m\u00f6chten.<br \/>\n<strong>Termin: 8. \u2013 10. M\u00e4rz 2018 in D\u00fcsseldorf<\/strong><\/p>\n<p><a href=\"https:\/\/deutscher-lehrertag.de\/\" target=\"_blank\" rel=\"noopener\"><strong>Deutscher Lehrertag:<\/strong><\/a> Der Deutsche Lehrertag findet allj\u00e4hrlich im Rahmen der Leipziger Buchmesse statt und spricht gezielt auch junge bzw. angehende Lehrkr\u00e4fte an. Veranstalter sind der Verband Bildung und Erziehung (VBE) sowie der Verband Bildungsmedien e.V. Auf dem Programm stehen Vortr\u00e4ge zu aktuellen Themen der Schul- und Bildungspolitik sowie praxisbezogene Workshops.<br \/>\n<strong>Termin: 15. M\u00e4rz 2018 in Leipzig<\/strong><\/p>\n<p><a href=\"https:\/\/bildungs-konferenz.de\/\" target=\"_blank\" rel=\"noopener\"><strong>Bitkom Bildungskonferenz:<\/strong><\/a><br \/>\n\u201eDigitale Bildung ist keine K\u00fcr, sie ist Pflicht \u2013 f\u00fcr Teilhabe, f\u00fcr einen sicheren Job und f\u00fcr ein selbstbestimmtes Leben.\u201c, so der Ansatz der Konferenz. Ziel der Veranstaltung ist es daher, das deutsche Bildungswesen \u2013 bzw. seine Akteure \u2013 in Sachen Digitalisierung fit zu machen. Daf\u00fcr bringt die Konferenz Bildungspraktiker, Politiker und interessierte B\u00fcrgerinnen und B\u00fcrger zusammen.<br \/>\nTermin: 19. M\u00e4rz 2018 in Berlin<\/p>\n<p><strong><a href=\"http:\/\/framediale.de\/\" target=\"_blank\" rel=\"noopener\">fraMediale:<\/a> <\/strong>Die Medienmesse und Fachtagung fraMediale wendet sich sowohl an Lehrende, als auch an Bildungswissenschaftlerinnen und Wissenschaftler sowie Medienp\u00e4dagoginnen und -p\u00e4dagogen. Das diesj\u00e4hrige Motto lautet: \u201eSchnittstellen \u2013 Interfaces des Digitalen\u201c. Die Veranstaltung versteht sich als Br\u00fccke zwischen medienp\u00e4dagogischer Forschung und der Medienbildungspraxis in Schulen und Hochschulen.<br \/>\n<strong>Termin: 19. September 2018 in Frankfurt am Main<\/strong><\/p>\n<p><a href=\"https:\/\/oeb.global\/\" target=\"_blank\" rel=\"noopener\"><strong>Online Educa:<\/strong> <\/a>Die Online Educa Berlin bezeichnet sich selbst als internationale Konferenz f\u00fcr technologisch gest\u00fctzte Aus- und Weiterbildung. Sie gilt als weltweit gr\u00f6\u00dftes Event f\u00fcr E-Learning und -Training.<br \/>\n<strong>Termin: 5. \u2013 7. Dezember 2018 in Berlin<\/strong><\/p>\n<p>&nbsp;<\/p>","protected":false},"excerpt":{"rendered":"<p>Welche \u00fcberregional relevanten Termine sollten sich Lehrkr\u00e4fte, Referendare und schulische F\u00fchrungskr\u00e4fte f\u00fcr 2018 im Kalender vormerken?<\/p>","protected":false},"author":8,"featured_media":0,"comment_status":"open","ping_status":"open","sticky":false,"template":"","format":"standard","meta":{"footnotes":""},"categories":[119,180],"tags":[14,132,821,822,823,824,825],"class_list":["post-1515","post","type-post","status-publish","format-standard","hentry","category-der_lehrerberuf","category-links-tipps","tag-bildung","tag-schule","tag-veranstaltungen","tag-messen","tag-kongresse","tag-konferenzen","tag-events"],"aioseo_notices":[],"publishpress_future_action":{"enabled":false,"date":"2026-05-04 14:17:56","action":"change-status","newStatus":"draft","terms":[],"taxonomy":"category","extraData":[]},"publishpress_future_workflow_manual_trigger":{"enabledWorkflows":[]},"_links":{"self":[{"href":"https:\/\/www.lehrcare.de\/en\/wp-json\/wp\/v2\/posts\/1515","targetHints":{"allow":["GET"]}}],"collection":[{"href":"https:\/\/www.lehrcare.de\/en\/wp-json\/wp\/v2\/posts"}],"about":[{"href":"https:\/\/www.lehrcare.de\/en\/wp-json\/wp\/v2\/types\/post"}],"author":[{"embeddable":true,"href":"https:\/\/www.lehrcare.de\/en\/wp-json\/wp\/v2\/users\/8"}],"replies":[{"embeddable":true,"href":"https:\/\/www.lehrcare.de\/en\/wp-json\/wp\/v2\/comments?post=1515"}],"version-history":[{"count":5,"href":"https:\/\/www.lehrcare.de\/en\/wp-json\/wp\/v2\/posts\/1515\/revisions"}],"predecessor-version":[{"id":1521,"href":"https:\/\/www.lehrcare.de\/en\/wp-json\/wp\/v2\/posts\/1515\/revisions\/1521"}],"wp:attachment":[{"href":"https:\/\/www.lehrcare.de\/en\/wp-json\/wp\/v2\/media?parent=1515"}],"wp:term":[{"taxonomy":"category","embeddable":true,"href":"https:\/\/www.lehrcare.de\/en\/wp-json\/wp\/v2\/categories?post=1515"},{"taxonomy":"post_tag","embeddable":true,"href":"https:\/\/www.lehrcare.de\/en\/wp-json\/wp\/v2\/tags?post=1515"}],"curies":[{"name":"wp","href":"https:\/\/api.w.org\/{rel}","templated":true}]}}