{"id":1273,"date":"2015-01-26T16:07:04","date_gmt":"2015-01-26T14:07:04","guid":{"rendered":"http:\/\/www.lehrcare.de\/blog\/?p=1273"},"modified":"2015-01-26T16:07:04","modified_gmt":"2015-01-26T14:07:04","slug":"social-media-co-medienkompetenz-fuer-lehrkraefte","status":"publish","type":"post","link":"https:\/\/www.lehrcare.de\/en\/social-media-co-medienkompetenz-fuer-lehrkraefte\/","title":{"rendered":"Social Media &#038; Co: Medienkompetenz f\u00fcr Lehrkr\u00e4fte"},"content":{"rendered":"<p>Der souver\u00e4ne Umgang von Schulen mit digitalen Medien ist eines der bildungspolitischen Ziele f\u00fcr die kommenden Jahrzehnte. So steht es unter anderem auch in der <a href=\"http:\/\/www.lehrcare.de\/en\/blog\/digitale-agenda-der-bundesregierung-was-bedeutet-das-fuer-schulen\/\" target=\"_blank\">Digitalen Agenda<\/a>,\u00a0 die die Bundesregierung im August 2014 verabschiedet hat.<\/p>\n<p>F\u00fcr den Umgang p\u00e4dagogischer Fachkr\u00e4fte mit dem Thema Social Media gelten je nach Bundesland unterschiedliche Regelungen bzw. Empfehlungen. Sie reichen von eher restriktiven Vorgaben bis hin zu weitgehend liberalen Handhabungen. Unabh\u00e4ngig von bundeslandspezifischen Regelungen gilt jedoch, dass Lehrkr\u00e4fte Medienkompetenz und einen korrekten Umgang mit sozialen Netzwerken nicht nur lehren, sondern auch selbst erlernen m\u00fcssen. Hierzu gibt es im Netz verschiedenste <strong>Materialien und Anlaufstellen<\/strong>:<\/p>\n<p>&nbsp;<\/p>\n<ul>\n<li><a href=\"http:\/\/www.klicksafe.de\/\" target=\"_blank\"><strong>Klicksafe.de: <\/strong><\/a>Klicksafe.de, die EU-Initiative f\u00fcr mehr Sicherheit im Netz, bietet medienp\u00e4dagogische Materialien f\u00fcr Eltern, Jugendliche und p\u00e4dagogische Fachkr\u00e4fte. Au\u00dferdem h\u00e4lt das Portal Hintergrundinfos, Materialien und eine ausf\u00fchrliche Linksammlung bereit. Vor allem das <a href=\"http:\/\/www.klicksafe.de\/service\/fuer-lehrende\/lehrerhandbuch\/\" target=\"_blank\">klicksafe-Lehrerhandbuch<\/a> liefert sinnvolle Hilfestellungen und praxisbezogene Tipps f\u00fcr den Unterricht, basierend auf dem Konzept und den Erfahrungen der klicksafe-Lehrerfortbildungen.<\/li>\n<\/ul>\n<ul>\n<li><a href=\"http:\/\/www.bildungsserver.de\/Medienkompetenz-2924.html\" target=\"_blank\"><strong>Deutscher Bildungsserver: Linksammlung Medienkompetenz: <\/strong><\/a>Die auf dem Deutschen Bildungsserver zusammengestellten Hinweise sind insbesondere f\u00fcr die schulische Medienbildung von Bedeutung. Sie zielen darauf ab, die Medienkompetenz von Sch\u00fclerinnen und Sch\u00fclern sowie von Lehrkr\u00e4ften zu f\u00f6rdern. Neben verschiedenen Materialien sind auch Anlaufstellen der einzelnen Bundesl\u00e4nder verlinkt.<\/li>\n<\/ul>\n<ul>\n<li><a href=\"http:\/\/schulesocialmedia.com\/about\/\" target=\"_blank\"><strong>Social-Media-Empfehlungen und -Guidelines f\u00fcr Schulleitungen und Lehrkr\u00e4fte<\/strong><\/a><strong>:<\/strong> Auf diesem Blog gibt Philippe Wampfler, Lehrer und Betreiber der Seite schulesocialmedia.com, Empfehlungen und Guidelines f\u00fcr Schulleitungen und Lehrkr\u00e4fte, die helfen, sich im Dickicht der sozialen Medien zu orientieren. Zudem liefert er praktische Tipps f\u00fcr Schulen und Lehrkr\u00e4fte und bietet Vortr\u00e4ge, Beratungen und Schulungen zu diesem Thema an.<\/li>\n<\/ul>\n<ul>\n<li><strong><a href=\"http:\/\/www.social-media-lehrperson.info\/wp-content\/uploads\/2013\/09\/Leitfaden-Social-Media-Web.pdf\" target=\"_blank\">Leitfaden Social Media:<\/a> <\/strong>Dieser kostenlos im Netz downloadbare Leitfaden (Stand: 2013) entstand in Zusammenarbeit deutscher, \u00f6sterreichischer und Schweizer Lehrerverb\u00e4nde. Neben einer ausf\u00fchrlichen Erl\u00e4uterung der Funktionsweise von Facebook enth\u00e4lt er auch Hinweise zum Umgang mit Themen wie Cybermobbing und Datenschutz.<\/li>\n<\/ul>\n<p>&nbsp;<\/p>","protected":false},"excerpt":{"rendered":"<p>Der souver\u00e4ne Umgang von Schulen mit digitalen Medien ist eines der bildungspolitischen Ziele f\u00fcr die kommenden Jahrzehnte. So steht es unter anderem auch in der Digitalen Agenda,  die die Bundesregierung im August 2014 verabschiedet hat.<\/p>\n<p>F\u00fcr den Umgang p\u00e4dagogischer Fachkr\u00e4fte mit dem Thema Social Media gelten je nach Bundesland unterschiedliche Regelungen bzw. Empfehlungen. Sie reichen von eher restriktiven Vorgaben bis hin zu weitgehend liberalen Handhabungen. Unabh\u00e4ngig von bundeslandspezifischen Regelungen gilt jedoch, dass Lehrkr\u00e4fte Medienkompetenz und einen korrekten Umgang mit sozialen Netzwerken nicht nur lehren, sondern auch selbst erlernen m\u00fcssen. Hierzu gibt es im Netz verschiedenste Materialien und Anlaufstellen:<\/p>","protected":false},"author":8,"featured_media":0,"comment_status":"open","ping_status":"open","sticky":false,"template":"","format":"standard","meta":{"footnotes":""},"categories":[175,176,180,138],"tags":[211,212,321,471,605,631,632,633,634],"class_list":["post-1273","post","type-post","status-publish","format-standard","hentry","category-foren-und-plattformen-fur-lehrkraefte","category-infoseiten","category-links-tipps","category-weiterbildung-fuer-lehrkraefte","tag-facebook","tag-soziale-netzwerke","tag-klicksafe","tag-blog","tag-digitale-medien","tag-social-media","tag-neue-medien","tag-digitale-agenda","tag-bildungsserver"],"aioseo_notices":[],"publishpress_future_action":{"enabled":false,"date":"2026-05-04 14:17:21","action":"change-status","newStatus":"draft","terms":[],"taxonomy":"category","extraData":[]},"publishpress_future_workflow_manual_trigger":{"enabledWorkflows":[]},"_links":{"self":[{"href":"https:\/\/www.lehrcare.de\/en\/wp-json\/wp\/v2\/posts\/1273","targetHints":{"allow":["GET"]}}],"collection":[{"href":"https:\/\/www.lehrcare.de\/en\/wp-json\/wp\/v2\/posts"}],"about":[{"href":"https:\/\/www.lehrcare.de\/en\/wp-json\/wp\/v2\/types\/post"}],"author":[{"embeddable":true,"href":"https:\/\/www.lehrcare.de\/en\/wp-json\/wp\/v2\/users\/8"}],"replies":[{"embeddable":true,"href":"https:\/\/www.lehrcare.de\/en\/wp-json\/wp\/v2\/comments?post=1273"}],"version-history":[{"count":4,"href":"https:\/\/www.lehrcare.de\/en\/wp-json\/wp\/v2\/posts\/1273\/revisions"}],"predecessor-version":[{"id":1277,"href":"https:\/\/www.lehrcare.de\/en\/wp-json\/wp\/v2\/posts\/1273\/revisions\/1277"}],"wp:attachment":[{"href":"https:\/\/www.lehrcare.de\/en\/wp-json\/wp\/v2\/media?parent=1273"}],"wp:term":[{"taxonomy":"category","embeddable":true,"href":"https:\/\/www.lehrcare.de\/en\/wp-json\/wp\/v2\/categories?post=1273"},{"taxonomy":"post_tag","embeddable":true,"href":"https:\/\/www.lehrcare.de\/en\/wp-json\/wp\/v2\/tags?post=1273"}],"curies":[{"name":"wp","href":"https:\/\/api.w.org\/{rel}","templated":true}]}}